{"id":14547,"date":"2024-08-09T17:03:15","date_gmt":"2024-08-09T17:03:15","guid":{"rendered":"https:\/\/www.originalportas.com.br\/blog\/?p=14547"},"modified":"2024-08-09T17:03:18","modified_gmt":"2024-08-09T17:03:18","slug":"porta-para-camara-fria-2","status":"publish","type":"post","link":"https:\/\/originalportas.com.br\/blog\/porta-para-camara-fria-2\/","title":{"rendered":"Os Resultados Ben\u00e9ficos da Porta para C\u00e2mara Fria"},"content":{"rendered":"\n<p>A porta para c\u00e2mara fria \u00e9 mais que uma porta, mas sim uma barreira entre ambientes para impedir que a c\u00e2mara frigor\u00edfica entre em contato com ar quente vindo do ambiente externo.<\/p>\n\n\n\n<p>Se a sua empresa manipula com os produtos congelados ou sobremesas geladas, ent\u00e3o sabe a import\u00e2ncia da porta para c\u00e2mara fria a fim de n\u00e3o ter perdas ou desvaloriza\u00e7\u00e3o da mercadoria, certo?<\/p>\n\n\n\n<p><em>\u201cN\u00e3o.\u201d<\/em><\/p>\n\n\n\n<p>Quer dizer que continua a utilizar a porta convencional (conhecida como porta deslizante) para estar integrada na sua c\u00e2mara fria?<\/p>\n\n\n\n<p>Voc\u00ea sabia que ela possui muitos erros e aumenta a possibilidade de angariar preju\u00edzos a situa\u00e7\u00e3o financeira da sua empresa? Mas \u00e9 claro que sabia se n\u00e3o estaria atr\u00e1s de respostas para alavancar os resultados do seu neg\u00f3cio.<\/p>\n\n\n\n<p>Como voc\u00ea j\u00e1 deve saber que a porta deslizante \u00e9 comum e exige for\u00e7a f\u00edsica para ser aberta e fechada, principalmente por estar localizada em ambientes frios.<\/p>\n\n\n\n<p>Sendo assim desmotiva o trabalho dos colaboradores por n\u00e3o estarem em condi\u00e7\u00f5es de trabalho adequadas tanto para sa\u00fade mental quanto f\u00edsica.<\/p>\n\n\n\n<p>Dessa forma, a probabilidade de ter um grande ind\u00edcio de desperd\u00edcio de produtos \u00e9 alto devido a porta n\u00e3o ser corretamente fechada.<\/p>\n\n\n\n<p>\u00c9 nesse momento que a porta para c\u00e2mara fria entra em a\u00e7\u00e3o para ser um investimento s\u00e1bio que vai otimizar os processos internos da sua empresa.<\/p>\n\n\n\n<h2 class=\"wp-block-heading\"><strong>Quais s\u00e3o os benef\u00edcios da porta para c\u00e2mara fria?<\/strong><\/h2>\n\n\n\n<p>A porta para c\u00e2mara fria, ou popularmente conhecida como porta r\u00e1pida frigor\u00edfica, tem benef\u00edcios para alavancar o seu neg\u00f3cio.<\/p>\n\n\n\n<p>Produzida com estrutura de alum\u00ednio ou a\u00e7o com lona de PVC para fazer a veda\u00e7\u00e3o entre os ambientes da c\u00e2mara frigor\u00edfica com a \u00e1rea externa.<\/p>\n\n\n\n<p>Tal veda\u00e7\u00e3o impede que o ar quente entre em contato com o ar frio para evitar conflitos e desordenar baixas temperaturas a fim de n\u00e3o ter gastos desnecess\u00e1rios e preju\u00edzos com a perda de mercadorias.<\/p>\n\n\n\n<p>A porta r\u00e1pida <a href=\"https:\/\/www.originalportas.com.br\/blog\/porta-rapida-frigorifica\/\" data-type=\"link\" data-id=\"https:\/\/www.originalportas.com.br\/blog\/porta-rapida-frigorifica\/\">frigor\u00edfica<\/a> aumenta a produtividade dos colaboradores por ser um investimento ergon\u00f4mico para proporcionar um ambiente de trabalho adequado para mant\u00ea-los motivados e dedicados com as suas atividades di\u00e1rias a fim de n\u00e3o desvalorizar a qualidade dos produtos.<\/p>\n\n\n\n<p>Al\u00e9m de resultar no controle de qualidade para levar do bom e do melhor para os seus clientes, onde ter\u00e3o confian\u00e7a na sua empresa e nos seus servi\u00e7os.<\/p>\n\n\n\n<p>Assim, n\u00e3o ter\u00e1 chances de a mercadoria desvalorizar e reduzir o pre\u00e7o quando for exposto nas lojas e estabelecimentos comerciais.<\/p>\n\n\n\n<p>Pensou em portas? Pensou em Original Portas!<\/p>\n\n\n\n<h3 class=\"wp-block-heading\"><strong>Conhe\u00e7a a melhor porta para c\u00e2mara fria na Original Portas para otimizar os resultados<\/strong><\/h3>\n\n\n\n<p>A porta para c\u00e2mara fria Original Portas \u00e9 um investimento inteligente para o seu neg\u00f3cio de congelados, seja uma sorveteria, supermercado, a\u00e7ougue ou ind\u00fastria de congelados, a fim de otimizar os processos internos e n\u00e3o ter perdas de mercadoria, al\u00e9m de aumentar a produtividade e ofertar produtos de qualidade para os seus clientes se tornando uma refer\u00eancia no mercado.<\/p>\n\n\n\n<p>Voc\u00ea encontra solu\u00e7\u00f5es para os seus problemas com a melhor porta para c\u00e2mara fria na Original Portas, onde a matriz est\u00e1 localizada em Guarulhos, S\u00e3o Paulo, mas temos v\u00e1rias filiais espalhadas em solo brasileiro e a nossa franquia, <a href=\"https:\/\/brasilportasautomaticas.com.br\/\" data-type=\"link\" data-id=\"https:\/\/brasilportasautomaticas.com.br\/\" target=\"_blank\" rel=\"noopener\">Brasil Portas<\/a>, est\u00e1 estabelecida no Nordeste.<\/p>\n\n\n\n<p>Atendemos para todo o Brasil e pa\u00edses vizinhos, pois o nosso foco \u00e9 sempre levar qualidade, seguran\u00e7a e conforto diretamente para o seu im\u00f3vel.<\/p>\n\n\n\n<p>Garanta em at\u00e9 10x no cart\u00e3o de cr\u00e9dito com 2 anos de garantia, tendo o melhor custo e benef\u00edcio para n\u00e3o apertar as suas finan\u00e7as e caber no seu or\u00e7amento.<\/p>\n\n\n\n<p><a href=\"https:\/\/www.originalportas.com.br\/contato\/\" data-type=\"link\" data-id=\"https:\/\/www.originalportas.com.br\/contato\/\">Entre em contato<\/a>\u00a0com um dos nossos especialistas para resolver as suas pend\u00eancias e encomendar o que voc\u00ea precisa com a porta frigor\u00edfica r\u00e1pida.<\/p>\n\n\n\n<p><strong>Venha ser Original Portas, onde a nossa parceria \u00e9 de satisfa\u00e7\u00e3o rumo ao sucesso!<\/strong><\/p>\n\n\n\n<figure class=\"wp-block-gallery has-nested-images columns-default is-cropped wp-block-gallery-1 is-layout-flex wp-block-gallery-is-layout-flex\">\n<figure class=\"wp-block-image size-large\"><img fetchpriority=\"high\" decoding=\"async\" width=\"548\" height=\"548\" data-id=\"14552\" src=\"https:\/\/www.originalportas.com.br\/blog\/wp-content\/uploads\/2024\/08\/Porta-para-Camara-1.webp\" alt=\"porta para c\u00e2mara fria \" class=\"wp-image-14552\" srcset=\"https:\/\/originalportas.com.br\/blog\/wp-content\/uploads\/2024\/08\/Porta-para-Camara-1.webp 548w, https:\/\/originalportas.com.br\/blog\/wp-content\/uploads\/2024\/08\/Porta-para-Camara-1-300x300.webp 300w, https:\/\/originalportas.com.br\/blog\/wp-content\/uploads\/2024\/08\/Porta-para-Camara-1-150x150.webp 150w, https:\/\/originalportas.com.br\/blog\/wp-content\/uploads\/2024\/08\/Porta-para-Camara-1-60x60.webp 60w, https:\/\/originalportas.com.br\/blog\/wp-content\/uploads\/2024\/08\/Porta-para-Camara-1-360x360.webp 360w\" sizes=\"(max-width: 548px) 100vw, 548px\" \/><\/figure>\n\n\n\n<figure class=\"wp-block-image size-large\"><img decoding=\"async\" width=\"400\" height=\"400\" data-id=\"14550\" src=\"https:\/\/www.originalportas.com.br\/blog\/wp-content\/uploads\/2024\/08\/Porta-para-Camara-2.webp\" alt=\"porta para c\u00e2mara fria \" class=\"wp-image-14550\" srcset=\"https:\/\/originalportas.com.br\/blog\/wp-content\/uploads\/2024\/08\/Porta-para-Camara-2.webp 400w, https:\/\/originalportas.com.br\/blog\/wp-content\/uploads\/2024\/08\/Porta-para-Camara-2-300x300.webp 300w, https:\/\/originalportas.com.br\/blog\/wp-content\/uploads\/2024\/08\/Porta-para-Camara-2-150x150.webp 150w, https:\/\/originalportas.com.br\/blog\/wp-content\/uploads\/2024\/08\/Porta-para-Camara-2-60x60.webp 60w, https:\/\/originalportas.com.br\/blog\/wp-content\/uploads\/2024\/08\/Porta-para-Camara-2-360x360.webp 360w\" sizes=\"(max-width: 400px) 100vw, 400px\" \/><\/figure>\n\n\n\n<figure class=\"wp-block-image size-large\"><img decoding=\"async\" width=\"400\" height=\"400\" data-id=\"14551\" src=\"https:\/\/www.originalportas.com.br\/blog\/wp-content\/uploads\/2024\/08\/Porta-para-Camara-3.webp\" alt=\"porta para c\u00e2mara fria \" class=\"wp-image-14551\" srcset=\"https:\/\/originalportas.com.br\/blog\/wp-content\/uploads\/2024\/08\/Porta-para-Camara-3.webp 400w, https:\/\/originalportas.com.br\/blog\/wp-content\/uploads\/2024\/08\/Porta-para-Camara-3-300x300.webp 300w, https:\/\/originalportas.com.br\/blog\/wp-content\/uploads\/2024\/08\/Porta-para-Camara-3-150x150.webp 150w, https:\/\/originalportas.com.br\/blog\/wp-content\/uploads\/2024\/08\/Porta-para-Camara-3-60x60.webp 60w, https:\/\/originalportas.com.br\/blog\/wp-content\/uploads\/2024\/08\/Porta-para-Camara-3-360x360.webp 360w\" sizes=\"(max-width: 400px) 100vw, 400px\" \/><\/figure>\n<\/figure>\n\n\n\n<p><\/p>\n","protected":false},"excerpt":{"rendered":"<p>A porta para c\u00e2mara fria \u00e9 mais que uma porta, mas sim uma barreira entre ambientes para impedir que a c\u00e2mara frigor\u00edfica entre em contato com ar quente vindo do ambiente externo. Se a sua empresa manipula com os produtos congelados ou sobremesas geladas, ent\u00e3o sabe a import\u00e2ncia da porta para c\u00e2mara fria a fim [&hellip;]<\/p>\n","protected":false},"author":1,"featured_media":14553,"comment_status":"open","ping_status":"open","sticky":false,"template":"","format":"standard","meta":{"footnotes":""},"categories":[26],"tags":[4,5,14,261,260,264,262,263,25],"class_list":["post-14547","post","type-post","status-publish","format-standard","has-post-thumbnail","hentry","category-porta-rapida-frigorifica","tag-original","tag-original_portas","tag-original-portas-automaticas","tag-porta-para-camara","tag-porta-para-camara-fria","tag-porta-para-camara-fria-na-industria-de-congelados","tag-porta-para-camara-fria-na-sorveteria","tag-porta-para-camara-fria-no-supermercado","tag-porta-rapida-frigorifica"],"_links":{"self":[{"href":"https:\/\/originalportas.com.br\/blog\/wp-json\/wp\/v2\/posts\/14547","targetHints":{"allow":["GET"]}}],"collection":[{"href":"https:\/\/originalportas.com.br\/blog\/wp-json\/wp\/v2\/posts"}],"about":[{"href":"https:\/\/originalportas.com.br\/blog\/wp-json\/wp\/v2\/types\/post"}],"author":[{"embeddable":true,"href":"https:\/\/originalportas.com.br\/blog\/wp-json\/wp\/v2\/users\/1"}],"replies":[{"embeddable":true,"href":"https:\/\/originalportas.com.br\/blog\/wp-json\/wp\/v2\/comments?post=14547"}],"version-history":[{"count":0,"href":"https:\/\/originalportas.com.br\/blog\/wp-json\/wp\/v2\/posts\/14547\/revisions"}],"wp:featuredmedia":[{"embeddable":true,"href":"https:\/\/originalportas.com.br\/blog\/wp-json\/wp\/v2\/media\/14553"}],"wp:attachment":[{"href":"https:\/\/originalportas.com.br\/blog\/wp-json\/wp\/v2\/media?parent=14547"}],"wp:term":[{"taxonomy":"category","embeddable":true,"href":"https:\/\/originalportas.com.br\/blog\/wp-json\/wp\/v2\/categories?post=14547"},{"taxonomy":"post_tag","embeddable":true,"href":"https:\/\/originalportas.com.br\/blog\/wp-json\/wp\/v2\/tags?post=14547"}],"curies":[{"name":"wp","href":"https:\/\/api.w.org\/{rel}","templated":true}]}}