{"id":14763,"date":"2024-10-24T19:34:28","date_gmt":"2024-10-24T19:34:28","guid":{"rendered":"https:\/\/originalportas.com.br\/blog\/?p=14763"},"modified":"2025-04-08T12:06:40","modified_gmt":"2025-04-08T12:06:40","slug":"seguranca-do-seu-imovel","status":"publish","type":"post","link":"https:\/\/originalportas.com.br\/blog\/seguranca-do-seu-imovel\/","title":{"rendered":"3 dicas de seguran\u00e7a do seu im\u00f3vel"},"content":{"rendered":"\n<p>A seguran\u00e7a do seu im\u00f3vel \u00e9 t\u00e3o crucial quanto \u00e9 demonstrado pelos n\u00edveis de criminalidade e vulnerabilidades que o cerca?<\/p>\n\n\n\n<p>N\u00e3o h\u00e1 como a resposta ser diferente do que uma afirmativa, pois se trata da seguran\u00e7a do seu patrim\u00f4nio assim como das pessoas inseridas naquele ambiente.<\/p>\n\n\n\n<p>Ao decorrer do dia, voc\u00ea n\u00e3o quer ficar preocupado com a seguran\u00e7a do seu im\u00f3vel, seja do pr\u00f3prio neg\u00f3cio (com\u00e9rcio ou ind\u00fastria) e\/ou do pr\u00f3prio lar, certo?<\/p>\n\n\n\n<p>Por isso, h\u00e1 uma necessidade em adquirir maneiras para fortalecer a sua propriedade a fim de n\u00e3o ter mais inquietude no dia a dia por poss\u00edveis amea\u00e7as.<\/p>\n\n\n\n<h2 class=\"wp-block-heading\"><strong>Confira as 3 dicas para estabelecer a seguran\u00e7a do seu im\u00f3vel e paz interior de maneira efetiva <\/strong><\/h2>\n\n\n\n<h3 class=\"wp-block-heading\"><strong>Investimento em equipamentos de seguran\u00e7a<\/strong> e bem-estar da sua fam\u00edlia<\/h3>\n\n\n\n<p>De acordo com a&nbsp;<a href=\"https:\/\/apredial.com.br\/blog\/dicas\/5-dicas-para-aumentar-a-seguranca-do-seu-imovel\/\" target=\"_blank\" rel=\"noreferrer noopener\">Predial<\/a>, em 2022, explica que a seguran\u00e7a do seu im\u00f3vel n\u00e3o poderia ser diferente: instalar um sistema de seguran\u00e7a. N\u00e3o existe melhor maneira de proteger sua casa de invas\u00f5es e roubos do que essa.<\/p>\n\n\n\n<p><em>\u201cAl\u00e9m de c\u00e2meras, seu sistema pode utilizar uma s\u00e9rie de outros recursos, como alarmes de quebra de vidro, sensores de portas e janelas, detectores de movimento e l\u00e2mpadas inteligentes\u201d.<\/em><\/p>\n\n\n\n<p>O investimento em equipamentos de seguran\u00e7a para seu im\u00f3vel faz jus ao custo e benef\u00edcio pelas vantagens apresentadas a fim de estabelecer prote\u00e7\u00e3o para a sua propriedade.<\/p>\n\n\n\n<p>Dessa forma, voc\u00ea ter\u00e1 um controle maior para monitorar a situa\u00e7\u00e3o por meio do aplicativo da c\u00e2mera em qualquer lugar com acesso a Internet para n\u00e3o ter surpresas indesej\u00e1veis.<\/p>\n\n\n\n<p>Al\u00e9m de ter outros equipamentos inteligentes para compor o seu acervo, com objetivo de priorizar o bem-estar e seguran\u00e7a das pessoas que o cercam.<\/p>\n\n\n\n<h3 class=\"wp-block-heading\"><strong>Investimento na fachada do seu im\u00f3vel<\/strong><\/h3>\n\n\n\n<p>Quer aumentar a prote\u00e7\u00e3o da sua propriedade?<\/p>\n\n\n\n<p>Com a porta de enrolar ou a porta seccionada, essa realidade \u00e9 poss\u00edvel!<\/p>\n\n\n\n<p>A porta de enrolar com design fechado em seu acabamento est\u00e9tico, projetada com a\u00e7o galvanizado ou a\u00e7o inox, refor\u00e7a a seguran\u00e7a e aumenta a privacidade do seu im\u00f3vel. Promovendo bem-estar, sensa\u00e7\u00e3o de tranquilidade e n\u00e3o permitindo brechas para que seu im\u00f3vel esteja vulner\u00e1vel.<\/p>\n\n\n\n<p>Al\u00e9m disso, voc\u00ea pode acrescentar acess\u00f3rios, como a trava l\u00e2minas. Mesmo com sua proje\u00e7\u00e3o que conta com materiais de alta resist\u00eancia, a trava dificulta ainda mais, mesmo com o uso de diversos apetrechos, arrombamentos e tornando quase nula as chances de que consigam surpreender voc\u00ea e sua fam\u00edlia, proporcionando seguran\u00e7a ao seu im\u00f3vel.<\/p>\n\n\n\n<p>Assim como o uso de sensores infravermelho pode proporcionar maior seguran\u00e7a ao seu im\u00f3vel, evitando acidentes e situa\u00e7\u00f5es inusitadas, ao detectar a presen\u00e7a de pessoas, objetos ou pets, o sensor impedir\u00e1 imediatamente o funcionamento da porta. Deste modo, dificultar\u00e1 que epis\u00f3dios inesperados, como traumas f\u00edsicos e psicol\u00f3gicos a sua fam\u00edlia, garantindo a integridade e proporcionando a seguran\u00e7a de seu im\u00f3vel.<\/p>\n\n\n\n<p>Usar a automa\u00e7\u00e3o de sua porta de rolo tamb\u00e9m beneficiar\u00e1 na busca constante pela seguran\u00e7a, com o uso do controle remoto para o acionamento da porta de rolo, evita que voc\u00ea e sua fam\u00edlia precisem descer do carro ou sair de dentro da casa para realizar o processo manualmente, evitando um processo que leva a um desgaste f\u00edsico e pode causar incidentes ou ser pego desprevenido, sendo feito de ref\u00e9m e evitando que a seguran\u00e7a de seu im\u00f3vel seja um alvo f\u00e1cil.<\/p>\n\n\n\n<p>Seguran\u00e7a \u00e9 uma prioridade, onde as portas de enrolar para garagem s\u00e3o projetadas para oferecer prote\u00e7\u00e3o extra contra invas\u00f5es e tentativas de arrombamento.<\/p>\n\n\n\n<p>Com sua fachada fechada, em que n\u00e3o \u00e9 poss\u00edvel ver o que possui dentro de seu im\u00f3vel, a seguran\u00e7a \u00e9 garantida.<\/p>\n\n\n\n<h3 class=\"wp-block-heading\"><strong>Vigil\u00e2ncia Solid\u00e1ria<\/strong><\/h3>\n\n\n\n<p>A vigil\u00e2ncia solid\u00e1ria \u00e9 uma das formas de seguran\u00e7a do seu im\u00f3vel para diminuir o n\u00famero de criminalidade e proporcionar tranquilidade para os moradores e donos de neg\u00f3cios.<\/p>\n\n\n\n<p>Segundo&nbsp;<a href=\"https:\/\/www.aster.com.br\/blog\/conheca-a-vizinhanca-solidaria\/#:~:text=Consiste%20nas%20a%C3%A7%C3%B5es%20destinadas%20a,sendo%20os%20olhos%20da%20pol%C3%ADcia.\" target=\"_blank\" rel=\"noreferrer noopener\">Aster<\/a>, em 2023, diz que o objetivo \u00e9 de incentivar a\u00e7\u00f5es de preven\u00e7\u00e3o prim\u00e1ria nos locais onde as pessoas moram, trabalham ou estudam.<\/p>\n\n\n\n<p><em>\u201cConsiste nas a\u00e7\u00f5es destinadas a evitar ou reduzir a ocorr\u00eancia de infra\u00e7\u00f5es penais por meio de identifica\u00e7\u00e3o, avalia\u00e7\u00e3o, ou redu\u00e7\u00e3o de condi\u00e7\u00f5es prop\u00edcias ao delito\u201d.<\/em><\/p>\n\n\n\n<p>Se n\u00e3o h\u00e1 uma vigil\u00e2ncia solid\u00e1ria, voc\u00ea deve considerar em considerar em tornar esse cen\u00e1rio poss\u00edvel com o apoio dos vizinhos, pois \u00e9 uma solu\u00e7\u00e3o que agradar\u00e1 a todos a ponto de tornar os arredores mais seguros e as preocupa\u00e7\u00f5es diminu\u00edrem consideravelmente.<\/p>\n\n\n\n<h2 class=\"wp-block-heading\"><strong>Onde encontrar a solu\u00e7\u00e3o para a seguran\u00e7a do seu im\u00f3vel?<\/strong><\/h2>\n\n\n\n<p>Voc\u00ea encontra na Original Portas, a maior e melhor empresa de portas autom\u00e1ticas da Am\u00e9rica, que tem responsabilidade e o compromisso de entregar medidas preventivas para a seguran\u00e7a do seu im\u00f3vel.<\/p>\n\n\n\n<p>Com o intuito de evitar que o im\u00f3vel sofra por riscos vulner\u00e1veis e a sua situa\u00e7\u00e3o financeira esteja a sujeita a preju\u00edzos e gastos desnecess\u00e1rios.<\/p>\n\n\n\n<p>A Original Portas segue os seguintes crit\u00e9rios:<\/p>\n\n\n\n<ul class=\"wp-block-list\">\n<li>Qualidade;<\/li>\n\n\n\n<li>Seguran\u00e7a;<\/li>\n\n\n\n<li>Praticidade;<\/li>\n\n\n\n<li>Efici\u00eancia;<\/li>\n\n\n\n<li>Confiabilidade.<\/li>\n<\/ul>\n\n\n\n<p>Pensou em portas? Pensou em Original Portas!<\/p>\n\n\n\n<h4 class=\"wp-block-heading\"><strong>Conhe\u00e7a as medidas preventivas para tornar o seu im\u00f3vel seguro!<\/strong><\/h4>\n\n\n\n<p>A porta de enrolar ou a porta seccionada tem como funcionalidade em fazer a seguran\u00e7a do seu im\u00f3vel para evitar afli\u00e7\u00f5es com situa\u00e7\u00f5es vulner\u00e1veis no dia a dia, com objetivo de aumentar a qualidade de vida das pessoas ao mesmo tempo que os seus bens e\/ou materiais e mercadorias est\u00e3o protegidos.<\/p>\n\n\n\n<p>Tal investimento \u00e9 ben\u00e9fico para voc\u00ea parar de perder dinheiro por n\u00e3o ter a\u00e7\u00f5es estrat\u00e9gicas certas para potencializar a prote\u00e7\u00e3o da sua propriedade. &nbsp;<\/p>\n\n\n\n<p>Voc\u00ea encontra solu\u00e7\u00f5es para os seus problemas com a melhor porta de enrolar e\/ou porta seccionada Original Portas, onde a matriz est\u00e1 localizada em Guarulhos, S\u00e3o Paulo, mas temos v\u00e1rias filiais espalhadas em solo brasileiro e a nossa filial nordestina, <a href=\"https:\/\/brasilportasautomaticas.com.br\/\" data-type=\"link\" data-id=\"https:\/\/brasilportasautomaticas.com.br\/\" target=\"_blank\" rel=\"noopener\">Brasil Portas<\/a>.<\/p>\n\n\n\n<p>Atendemos para todo o Brasil e pa\u00edses vizinhos, pois o nosso foco \u00e9 sempre levar qualidade, seguran\u00e7a e conforto diretamente para o seu im\u00f3vel.<\/p>\n\n\n\n<p>Garanta em at\u00e9 10x no cart\u00e3o de cr\u00e9dito com 2 anos de garantia, tendo o melhor custo e benef\u00edcio para n\u00e3o apertar as suas finan\u00e7as e caber no seu or\u00e7amento.<\/p>\n\n\n\n<p><a href=\"https:\/\/www.originalportas.com.br\/contato\/\" data-type=\"link\" data-id=\"https:\/\/www.originalportas.com.br\/contato\/\">Entre em contato <\/a>com um dos nossos especialistas para resolver as suas pend\u00eancias e encomendar o que voc\u00ea precisa com a porta de enrolar e porta seccionada para seguran\u00e7a do seu im\u00f3vel.<\/p>\n\n\n\n<p><strong>Venha ser Original Portas, onde a nossa parceria \u00e9 de satisfa\u00e7\u00e3o rumo ao sucesso!<\/strong><\/p>\n\n\n\n<figure class=\"wp-block-gallery has-nested-images columns-default is-cropped wp-block-gallery-1 is-layout-flex wp-block-gallery-is-layout-flex\">\n<figure class=\"wp-block-image size-large\"><img fetchpriority=\"high\" decoding=\"async\" width=\"1000\" height=\"1000\" data-id=\"14764\" src=\"https:\/\/originalportas.com.br\/blog\/wp-content\/uploads\/2024\/10\/seguranca-do-seu-imovel-3-1.webp\" alt=\"seguran\u00e7a do seu im\u00f3vel\" class=\"wp-image-14764\" srcset=\"https:\/\/originalportas.com.br\/blog\/wp-content\/uploads\/2024\/10\/seguranca-do-seu-imovel-3-1.webp 1000w, https:\/\/originalportas.com.br\/blog\/wp-content\/uploads\/2024\/10\/seguranca-do-seu-imovel-3-1-300x300.webp 300w, https:\/\/originalportas.com.br\/blog\/wp-content\/uploads\/2024\/10\/seguranca-do-seu-imovel-3-1-150x150.webp 150w, https:\/\/originalportas.com.br\/blog\/wp-content\/uploads\/2024\/10\/seguranca-do-seu-imovel-3-1-768x768.webp 768w, https:\/\/originalportas.com.br\/blog\/wp-content\/uploads\/2024\/10\/seguranca-do-seu-imovel-3-1-60x60.webp 60w, https:\/\/originalportas.com.br\/blog\/wp-content\/uploads\/2024\/10\/seguranca-do-seu-imovel-3-1-360x360.webp 360w\" sizes=\"(max-width: 1000px) 100vw, 1000px\" \/><\/figure>\n\n\n\n<figure class=\"wp-block-image size-large\"><img decoding=\"async\" width=\"1000\" height=\"1000\" data-id=\"14765\" src=\"https:\/\/originalportas.com.br\/blog\/wp-content\/uploads\/2024\/10\/seguranca-do-seu-imovel-2-1.webp\" alt=\"seguran\u00e7a do seu im\u00f3vel\" class=\"wp-image-14765\" srcset=\"https:\/\/originalportas.com.br\/blog\/wp-content\/uploads\/2024\/10\/seguranca-do-seu-imovel-2-1.webp 1000w, https:\/\/originalportas.com.br\/blog\/wp-content\/uploads\/2024\/10\/seguranca-do-seu-imovel-2-1-300x300.webp 300w, https:\/\/originalportas.com.br\/blog\/wp-content\/uploads\/2024\/10\/seguranca-do-seu-imovel-2-1-150x150.webp 150w, https:\/\/originalportas.com.br\/blog\/wp-content\/uploads\/2024\/10\/seguranca-do-seu-imovel-2-1-768x768.webp 768w, https:\/\/originalportas.com.br\/blog\/wp-content\/uploads\/2024\/10\/seguranca-do-seu-imovel-2-1-60x60.webp 60w, https:\/\/originalportas.com.br\/blog\/wp-content\/uploads\/2024\/10\/seguranca-do-seu-imovel-2-1-360x360.webp 360w\" sizes=\"(max-width: 1000px) 100vw, 1000px\" \/><\/figure>\n\n\n\n<figure class=\"wp-block-image size-large\"><img decoding=\"async\" width=\"1000\" height=\"1000\" data-id=\"14766\" src=\"https:\/\/originalportas.com.br\/blog\/wp-content\/uploads\/2024\/10\/seguranca-do-seu-imovel-1-1.webp\" alt=\"seguran\u00e7a do seu im\u00f3vel\" class=\"wp-image-14766\" srcset=\"https:\/\/originalportas.com.br\/blog\/wp-content\/uploads\/2024\/10\/seguranca-do-seu-imovel-1-1.webp 1000w, https:\/\/originalportas.com.br\/blog\/wp-content\/uploads\/2024\/10\/seguranca-do-seu-imovel-1-1-300x300.webp 300w, https:\/\/originalportas.com.br\/blog\/wp-content\/uploads\/2024\/10\/seguranca-do-seu-imovel-1-1-150x150.webp 150w, https:\/\/originalportas.com.br\/blog\/wp-content\/uploads\/2024\/10\/seguranca-do-seu-imovel-1-1-768x768.webp 768w, https:\/\/originalportas.com.br\/blog\/wp-content\/uploads\/2024\/10\/seguranca-do-seu-imovel-1-1-60x60.webp 60w, https:\/\/originalportas.com.br\/blog\/wp-content\/uploads\/2024\/10\/seguranca-do-seu-imovel-1-1-360x360.webp 360w\" sizes=\"(max-width: 1000px) 100vw, 1000px\" \/><\/figure>\n<\/figure>\n\n\n\n<p><\/p>\n","protected":false},"excerpt":{"rendered":"<p>A seguran\u00e7a do seu im\u00f3vel \u00e9 t\u00e3o crucial quanto \u00e9 demonstrado pelos n\u00edveis de criminalidade e vulnerabilidades que o cerca? N\u00e3o h\u00e1 como a resposta ser diferente do que uma afirmativa, pois se trata da seguran\u00e7a do seu patrim\u00f4nio assim como das pessoas inseridas naquele ambiente. Ao decorrer do dia, voc\u00ea n\u00e3o quer ficar preocupado [&hellip;]<\/p>\n","protected":false},"author":1,"featured_media":14767,"comment_status":"open","ping_status":"open","sticky":false,"template":"","format":"standard","meta":{"footnotes":""},"categories":[33,21],"tags":[4,5,14,30,42,179,83,313],"class_list":["post-14763","post","type-post","status-publish","format-standard","has-post-thumbnail","hentry","category-porta-automatica","category-porta-seccionada","tag-original","tag-original_portas","tag-original-portas-automaticas","tag-porta-de-enrolar","tag-porta-seccionada","tag-portas-de-enrolar","tag-portas-seccionadas","tag-seguranca-do-seu-imovel"],"_links":{"self":[{"href":"https:\/\/originalportas.com.br\/blog\/wp-json\/wp\/v2\/posts\/14763","targetHints":{"allow":["GET"]}}],"collection":[{"href":"https:\/\/originalportas.com.br\/blog\/wp-json\/wp\/v2\/posts"}],"about":[{"href":"https:\/\/originalportas.com.br\/blog\/wp-json\/wp\/v2\/types\/post"}],"author":[{"embeddable":true,"href":"https:\/\/originalportas.com.br\/blog\/wp-json\/wp\/v2\/users\/1"}],"replies":[{"embeddable":true,"href":"https:\/\/originalportas.com.br\/blog\/wp-json\/wp\/v2\/comments?post=14763"}],"version-history":[{"count":0,"href":"https:\/\/originalportas.com.br\/blog\/wp-json\/wp\/v2\/posts\/14763\/revisions"}],"wp:featuredmedia":[{"embeddable":true,"href":"https:\/\/originalportas.com.br\/blog\/wp-json\/wp\/v2\/media\/14767"}],"wp:attachment":[{"href":"https:\/\/originalportas.com.br\/blog\/wp-json\/wp\/v2\/media?parent=14763"}],"wp:term":[{"taxonomy":"category","embeddable":true,"href":"https:\/\/originalportas.com.br\/blog\/wp-json\/wp\/v2\/categories?post=14763"},{"taxonomy":"post_tag","embeddable":true,"href":"https:\/\/originalportas.com.br\/blog\/wp-json\/wp\/v2\/tags?post=14763"}],"curies":[{"name":"wp","href":"https:\/\/api.w.org\/{rel}","templated":true}]}}