{"id":15150,"date":"2025-01-10T19:43:36","date_gmt":"2025-01-10T19:43:36","guid":{"rendered":"https:\/\/originalportas.com.br\/blog\/?p=15150"},"modified":"2025-01-10T19:43:40","modified_gmt":"2025-01-10T19:43:40","slug":"acessorios-original-portas","status":"publish","type":"post","link":"https:\/\/originalportas.com.br\/blog\/acessorios-original-portas\/","title":{"rendered":"Quais s\u00e3o os acess\u00f3rios Original Portas?"},"content":{"rendered":"\n<p>Quer saber o que torna o seu pedido excelente com um incr\u00edvel custo e benef\u00edcio?<\/p>\n\n\n\n<p>Os acess\u00f3rios Original Portas far\u00e3o a diferen\u00e7a para aumentar a seguran\u00e7a e valorizar o seu im\u00f3vel, seja ele comercial, industrial ou residencial.<\/p>\n\n\n\n<p>Necessita de efici\u00eancia, agilidade, prote\u00e7\u00e3o e aquele respiro no bolso?<\/p>\n\n\n\n<p>Esse post \u00e9 feito para voc\u00ea que est\u00e1 cansado de sofrer com portas manuais, poss\u00edveis acidentes e preocupa\u00e7\u00f5es com a seguran\u00e7a do seu im\u00f3vel a poss\u00edveis ataques.<\/p>\n\n\n\n<h2 class=\"wp-block-heading\"><strong>Quais s\u00e3o os tipos de acess\u00f3rios Original Portas?<\/strong><\/h2>\n\n\n\n<p>Reunimos 7 acess\u00f3rios para porta de enrolar com o intuito de facilitar a sua vida ao proteger o seu patrim\u00f4nio, al\u00e9m das pessoas e os bens e\/ou equipamentos e mercadorias de variadas situa\u00e7\u00f5es desconfort\u00e1veis.<\/p>\n\n\n\n<h3 class=\"wp-block-heading\"><strong>Automatizadores<\/strong><\/h3>\n\n\n\n<p>Os <a href=\"https:\/\/www.originalportas.com.br\/automatizadores-de-portas\/\" data-type=\"link\" data-id=\"https:\/\/www.originalportas.com.br\/automatizadores-de-portas\/\">automatizadores<\/a> tornam a opera\u00e7\u00e3o de abertura e fechamento r\u00e1pida e \u00e1gil para o seu dia a dia. Seja por meio da linha AC (corrente alternada) ou da linha DC (corrente cont\u00ednua), qualquer que seja a sua escolha.<\/p>\n\n\n\n<p>A linha AC \u00e9 propriamente para lar residencial ou para estabelecimentos menores com aberturas m\u00ednimas a fim de n\u00e3o comprometer a vida \u00fatil da porta de enrolar e do motor em si.<\/p>\n\n\n\n<p>Al\u00e9m disso, precisa ser instalado um al\u00e7ap\u00e3o ou uma portinhola na sua porta de enrolar para que em casos de queda energia, voc\u00ea consiga entrar ou sair do im\u00f3vel em modo manual, sem qualquer complica\u00e7\u00e3o.<\/p>\n\n\n\n<p>Por outro lado, a linha DC abrange diversos im\u00f3veis desde um supermercado a um hospital, at\u00e9 mesmo resid\u00eancia. Possui uma quantidade m\u00e9dia de abertura para que seja vi\u00e1vel \u00e0s suas necessidades.<\/p>\n\n\n\n<p>Possui um tempo de vida \u00fatil longo para que seja um verdadeiro investimento sem causar preju\u00edzo para a sua situa\u00e7\u00e3o financeira.<\/p>\n\n\n\n<p>Para tornar a sua experi\u00eancia rica, ele vem acompanhado com o central nobreak DC que mesmo em falta de energia, a opera\u00e7\u00e3o ocorre normalmente para n\u00e3o criar perrengue ou preocupa\u00e7\u00e3o no seu cotidiano.<\/p>\n\n\n\n<h3 class=\"wp-block-heading\"><strong>Trava antiqueda<\/strong><\/h3>\n\n\n\n<p>Um dos acess\u00f3rios para porta de enrolar para aumentar o grau de seguran\u00e7a \u00e9 a trava antiqueda. Sendo essencial principalmente para espa\u00e7os comerciais e industriais devido ao alto \u00edndice de locomo\u00e7\u00e3o de pessoas e ve\u00edculos.<\/p>\n\n\n\n<p>Basicamente, a trava antiqueda impede que a porta perca o controle e caia sem qualquer aviso pr\u00e9vio, assim evita acidentes graves e agravar a situa\u00e7\u00e3o com indeniza\u00e7\u00f5es e contas m\u00e9dicas.<\/p>\n\n\n\n<h3 class=\"wp-block-heading\"><strong>Sensor infravermelho<\/strong><\/h3>\n\n\n\n<p>O sensor infravermelho \u00e9 essencial para a sua porta de enrolar para evitar qualquer tipo de surpresa, como acidentes e les\u00f5es graves.<\/p>\n\n\n\n<p>Investir em tal acess\u00f3rio para porta de enrolar \u00e9 dar dois passos a frente de algum evento desastroso a fim de n\u00e3o ter gastos desnecess\u00e1rios com processos, contas de hospital e rem\u00e9dios, desvaloriza\u00e7\u00e3o de bens e danos ao seu patrim\u00f4nio.<\/p>\n\n\n\n<p>Sem deixar de mencionar que \u00e9 ideal para pessoas com mobilidade reduzida, pois o sensor detecta qualquer movimento embaixo da porta em caso de fechamento autom\u00e1tico para interromper a opera\u00e7\u00e3o e n\u00e3o causar nenhum tipo de dano.<\/p>\n\n\n\n<h3 class=\"wp-block-heading\"><strong>Controle remoto<\/strong><\/h3>\n\n\n\n<p>O controle remoto faz parte dos acess\u00f3rios Original Portas, ele \u00e9 aliado ao automatizador, com o prop\u00f3sito de facilitar a sua vida no dia a dia.<\/p>\n\n\n\n<p>Devido a sua efici\u00eancia e praticidade, s\u00f3 necessita de um&nbsp;<em>click&nbsp;<\/em>para fazer abertura e fechamento com agilidade, sem precisar passar por momentos angustiantes e desconfort\u00e1veis, como sofrer poss\u00edveis amea\u00e7as que infringe a sua integridade f\u00edsica e\/ou psicol\u00f3gica, tomar chuva e se atrasar para compromissos.<\/p>\n\n\n\n<p>Al\u00e9m disso, quando se trata de um im\u00f3vel comercial ou industrial, ele \u00e9 um grande aliado para facilitar os processos e demonstrar preocupa\u00e7\u00e3o com as necessidades dos colaboradores e clientes.<\/p>\n\n\n\n<h3 class=\"wp-block-heading\"><strong>Trava l\u00e2mina<\/strong><\/h3>\n\n\n\n<p>A trava l\u00e2minas \u00e9 ideal se voc\u00ea precisa daquela seguran\u00e7a extra para o seu im\u00f3vel a fim de impedir vandalismo, arrombamento e invas\u00e3o para n\u00e3o ter qualquer sequela f\u00edsica ou psicol\u00f3gica nas pessoas e pets presentes.<\/p>\n\n\n\n<p>Al\u00e9m de n\u00e3o ter qualquer surpresa indesejada, como roubos e perdas de bens e\/ou materiais, assim, voc\u00ea garante um verdadeiro investimento a favor do seu patrim\u00f4nio.<\/p>\n\n\n\n<h3 class=\"wp-block-heading\"><strong>Borracha veda\u00e7\u00e3o para soleira<\/strong><\/h3>\n\n\n\n<p><em>\u201cO que seria uma borracha veda\u00e7\u00e3o para soleira?\u201d<\/em><\/p>\n\n\n\n<p>Ela \u00e9 um acess\u00f3rio para porta de enrolar com objetivo de impedir a entrada de \u00e1gua e umidade na parte interna do im\u00f3vel, assim, evita infiltra\u00e7\u00f5es, mofos e danos de bens e estrutura.<\/p>\n\n\n\n<p>Isso s\u00f3 \u00e9 poss\u00edvel por ter uma veda\u00e7\u00e3o no fechamento da porta de enrolar para proteger os seus bens de fatores externos.<\/p>\n\n\n\n<h3 class=\"wp-block-heading\"><strong>Fita lubrificante<\/strong><\/h3>\n\n\n\n<p>Para evitar que a porta de enrolar desgaste menos conforme ao seu uso excessivo, a fita lubrificante Original Portas \u00e9 uma boa pedida.<\/p>\n\n\n\n<p>Ela minimiza o impacto do atrito entre as partes m\u00f3veis da porta, como as l\u00e2minas e os trilhos. Dessa forma, a sua opera\u00e7\u00e3o \u00e9 mais suave, sem qualquer tipo de evid\u00eancia de obst\u00e1culo.<\/p>\n\n\n\n<p>Prioriza a vida \u00fatil do seu investimento por servir como uma barreira protetora para sinais de desgaste.<\/p>\n\n\n\n<h2 class=\"wp-block-heading\"><strong>Onde encontrar as melhores solu\u00e7\u00f5es para os acess\u00f3rios para porta de enrolar?<\/strong><\/h2>\n\n\n\n<p>Voc\u00ea encontra na Original Portas, a maior e melhor empresa de portas autom\u00e1ticas da Am\u00e9rica Latina, onde possui o compromisso e a responsabilidade de entregar produtos de alta qualidade, como sensor infravermelho, trava antiqueda, trava l\u00e2mina, entre outros, e prestar servi\u00e7os de excel\u00eancia.<\/p>\n\n\n\n<p>A Original segue os seguintes crit\u00e9rios para ser a sua escolha #1:<\/p>\n\n\n\n<ul class=\"wp-block-list\">\n<li>Seguran\u00e7a;<\/li>\n\n\n\n<li>Durabilidade;<\/li>\n\n\n\n<li>Praticidade;<\/li>\n\n\n\n<li>Qualidade;<\/li>\n\n\n\n<li>Ergonomia;<\/li>\n\n\n\n<li>Custo e benef\u00edcio;<\/li>\n\n\n\n<li>Valor agregado.<\/li>\n<\/ul>\n\n\n\n<p>Como pode notar, n\u00f3s da Original nos preocupamos com as suas dores e tratamos de melhorar constantemente para trazer solu\u00e7\u00f5es de alto n\u00edvel a fim de sanar as suas d\u00favidas e n\u00e3o ter mais preju\u00edzos para a sua situa\u00e7\u00e3o financeira.<\/p>\n\n\n\n<p>Por isso, os acess\u00f3rios Original Portas t\u00eam como objetivo, como visto durante o artigo, em trazer melhorias para a sua vida, seja no meio pessoal e\/ou meio empresarial.<\/p>\n\n\n\n<p>Pensou em portas? Pensou em Original Portas!<\/p>\n\n\n\n<h4 class=\"wp-block-heading\"><strong>Acess\u00f3rios para porta de enrolar: Invista em solu\u00e7\u00f5es ben\u00e9ficas para aumentar a sua seguran\u00e7a e do seu im\u00f3vel<\/strong><\/h4>\n\n\n\n<p>Os acess\u00f3rios Original Portas s\u00e3o um investimento promissor para o seu dia a dia a fim de potencializar a seguran\u00e7a, durabilidade e comodidade do seu im\u00f3vel.<\/p>\n\n\n\n<p>Voc\u00ea encontra solu\u00e7\u00f5es para os seus problemas com a trava l\u00e2mina, sensor antiesmagamento, automatizador, entre outros, na Original Portas, onde a matriz est\u00e1 localizada em Guarulhos, S\u00e3o Paulo, mas temos v\u00e1rias filiais espalhadas em solo brasileiro e a nossa franquia,&nbsp;<a href=\"https:\/\/brasilportasautomaticas.com.br\/\" target=\"_blank\" rel=\"noreferrer noopener\">Brasil Portas<\/a>, est\u00e1 estabelecida no Nordeste.<\/p>\n\n\n\n<p>Atendemos para todo o Brasil e pa\u00edses vizinhos, pois o nosso foco \u00e9 sempre levar qualidade, seguran\u00e7a e conforto diretamente para o seu im\u00f3vel.<\/p>\n\n\n\n<p>Garanta em at\u00e9 10x no cart\u00e3o de cr\u00e9dito com 2 anos de garantia, tendo o melhor custo e benef\u00edcio para n\u00e3o apertar as suas finan\u00e7as e caber no seu or\u00e7amento.<\/p>\n\n\n\n<p><a href=\"https:\/\/originalportas.com.br\/contato\/\">Entre em contato<\/a>&nbsp;com um dos nossos especialistas para resolver as suas pend\u00eancias e encomendar o que voc\u00ea precisa com os acess\u00f3rios para porta de enrolar.<\/p>\n\n\n\n<p><strong>Venha ser Original Portas, onde a nossa parceria \u00e9 de satisfa\u00e7\u00e3o rumo ao sucesso!<\/strong><\/p>\n\n\n\n<figure class=\"wp-block-gallery has-nested-images columns-default is-cropped wp-block-gallery-1 is-layout-flex wp-block-gallery-is-layout-flex\">\n<figure class=\"wp-block-image size-large\"><img fetchpriority=\"high\" decoding=\"async\" width=\"1024\" height=\"1024\" data-id=\"15153\" src=\"https:\/\/originalportas.com.br\/blog\/wp-content\/uploads\/2025\/01\/acessorios-Original-Portas-controle-1024x1024.webp\" alt=\"acess\u00f3rios Original Portas controle remoto\" class=\"wp-image-15153\" srcset=\"https:\/\/originalportas.com.br\/blog\/wp-content\/uploads\/2025\/01\/acessorios-Original-Portas-controle-1024x1024.webp 1024w, https:\/\/originalportas.com.br\/blog\/wp-content\/uploads\/2025\/01\/acessorios-Original-Portas-controle-300x300.webp 300w, https:\/\/originalportas.com.br\/blog\/wp-content\/uploads\/2025\/01\/acessorios-Original-Portas-controle-150x150.webp 150w, https:\/\/originalportas.com.br\/blog\/wp-content\/uploads\/2025\/01\/acessorios-Original-Portas-controle-768x768.webp 768w, https:\/\/originalportas.com.br\/blog\/wp-content\/uploads\/2025\/01\/acessorios-Original-Portas-controle-1536x1536.webp 1536w, https:\/\/originalportas.com.br\/blog\/wp-content\/uploads\/2025\/01\/acessorios-Original-Portas-controle-2048x2048.webp 2048w, https:\/\/originalportas.com.br\/blog\/wp-content\/uploads\/2025\/01\/acessorios-Original-Portas-controle-60x60.webp 60w, https:\/\/originalportas.com.br\/blog\/wp-content\/uploads\/2025\/01\/acessorios-Original-Portas-controle-360x360.webp 360w\" sizes=\"(max-width: 1024px) 100vw, 1024px\" \/><\/figure>\n\n\n\n<figure class=\"wp-block-image size-large\"><img decoding=\"async\" width=\"1024\" height=\"1024\" data-id=\"15152\" src=\"https:\/\/originalportas.com.br\/blog\/wp-content\/uploads\/2025\/01\/acessorios-Original-Portas-automatizador-1024x1024.webp\" alt=\"acess\u00f3rios Original Portas automatizador\" class=\"wp-image-15152\" srcset=\"https:\/\/originalportas.com.br\/blog\/wp-content\/uploads\/2025\/01\/acessorios-Original-Portas-automatizador-1024x1024.webp 1024w, https:\/\/originalportas.com.br\/blog\/wp-content\/uploads\/2025\/01\/acessorios-Original-Portas-automatizador-300x300.webp 300w, https:\/\/originalportas.com.br\/blog\/wp-content\/uploads\/2025\/01\/acessorios-Original-Portas-automatizador-150x150.webp 150w, https:\/\/originalportas.com.br\/blog\/wp-content\/uploads\/2025\/01\/acessorios-Original-Portas-automatizador-768x768.webp 768w, https:\/\/originalportas.com.br\/blog\/wp-content\/uploads\/2025\/01\/acessorios-Original-Portas-automatizador-1536x1536.webp 1536w, https:\/\/originalportas.com.br\/blog\/wp-content\/uploads\/2025\/01\/acessorios-Original-Portas-automatizador-2048x2048.webp 2048w, https:\/\/originalportas.com.br\/blog\/wp-content\/uploads\/2025\/01\/acessorios-Original-Portas-automatizador-60x60.webp 60w, https:\/\/originalportas.com.br\/blog\/wp-content\/uploads\/2025\/01\/acessorios-Original-Portas-automatizador-360x360.webp 360w\" sizes=\"(max-width: 1024px) 100vw, 1024px\" \/><\/figure>\n\n\n\n<figure class=\"wp-block-image size-large\"><img decoding=\"async\" width=\"1024\" height=\"1024\" data-id=\"15154\" src=\"https:\/\/originalportas.com.br\/blog\/wp-content\/uploads\/2025\/01\/acessorios-Original-Portas-porta-de-enrolar-1024x1024.webp\" alt=\"acess\u00f3rios Original Portas porta de enrolar\" class=\"wp-image-15154\" srcset=\"https:\/\/originalportas.com.br\/blog\/wp-content\/uploads\/2025\/01\/acessorios-Original-Portas-porta-de-enrolar-1024x1024.webp 1024w, https:\/\/originalportas.com.br\/blog\/wp-content\/uploads\/2025\/01\/acessorios-Original-Portas-porta-de-enrolar-300x300.webp 300w, https:\/\/originalportas.com.br\/blog\/wp-content\/uploads\/2025\/01\/acessorios-Original-Portas-porta-de-enrolar-150x150.webp 150w, https:\/\/originalportas.com.br\/blog\/wp-content\/uploads\/2025\/01\/acessorios-Original-Portas-porta-de-enrolar-768x768.webp 768w, https:\/\/originalportas.com.br\/blog\/wp-content\/uploads\/2025\/01\/acessorios-Original-Portas-porta-de-enrolar-60x60.webp 60w, https:\/\/originalportas.com.br\/blog\/wp-content\/uploads\/2025\/01\/acessorios-Original-Portas-porta-de-enrolar-360x360.webp 360w, https:\/\/originalportas.com.br\/blog\/wp-content\/uploads\/2025\/01\/acessorios-Original-Portas-porta-de-enrolar.webp 1200w\" sizes=\"(max-width: 1024px) 100vw, 1024px\" \/><\/figure>\n<\/figure>\n","protected":false},"excerpt":{"rendered":"<p>Quer saber o que torna o seu pedido excelente com um incr\u00edvel custo e benef\u00edcio? Os acess\u00f3rios Original Portas far\u00e3o a diferen\u00e7a para aumentar a seguran\u00e7a e valorizar o seu im\u00f3vel, seja ele comercial, industrial ou residencial. Necessita de efici\u00eancia, agilidade, prote\u00e7\u00e3o e aquele respiro no bolso? Esse post \u00e9 feito para voc\u00ea que est\u00e1 [&hellip;]<\/p>\n","protected":false},"author":1,"featured_media":15151,"comment_status":"open","ping_status":"open","sticky":false,"template":"","format":"standard","meta":{"footnotes":""},"categories":[370],"tags":[225,371,224,318,374,4,5,14,373,372,375],"class_list":["post-15150","post","type-post","status-publish","format-standard","has-post-thumbnail","hentry","category-acessorios","tag-acessorios","tag-acessorios-original-portas","tag-acessorios-para-porta-de-enrolar","tag-automatizadores","tag-controle-remoto","tag-original","tag-original_portas","tag-original-portas-automaticas","tag-sensor-infravermelho","tag-trava-antiqueda","tag-trava-lamina"],"_links":{"self":[{"href":"https:\/\/originalportas.com.br\/blog\/wp-json\/wp\/v2\/posts\/15150","targetHints":{"allow":["GET"]}}],"collection":[{"href":"https:\/\/originalportas.com.br\/blog\/wp-json\/wp\/v2\/posts"}],"about":[{"href":"https:\/\/originalportas.com.br\/blog\/wp-json\/wp\/v2\/types\/post"}],"author":[{"embeddable":true,"href":"https:\/\/originalportas.com.br\/blog\/wp-json\/wp\/v2\/users\/1"}],"replies":[{"embeddable":true,"href":"https:\/\/originalportas.com.br\/blog\/wp-json\/wp\/v2\/comments?post=15150"}],"version-history":[{"count":0,"href":"https:\/\/originalportas.com.br\/blog\/wp-json\/wp\/v2\/posts\/15150\/revisions"}],"wp:featuredmedia":[{"embeddable":true,"href":"https:\/\/originalportas.com.br\/blog\/wp-json\/wp\/v2\/media\/15151"}],"wp:attachment":[{"href":"https:\/\/originalportas.com.br\/blog\/wp-json\/wp\/v2\/media?parent=15150"}],"wp:term":[{"taxonomy":"category","embeddable":true,"href":"https:\/\/originalportas.com.br\/blog\/wp-json\/wp\/v2\/categories?post=15150"},{"taxonomy":"post_tag","embeddable":true,"href":"https:\/\/originalportas.com.br\/blog\/wp-json\/wp\/v2\/tags?post=15150"}],"curies":[{"name":"wp","href":"https:\/\/api.w.org\/{rel}","templated":true}]}}