{"id":15191,"date":"2025-02-07T08:00:00","date_gmt":"2025-02-07T08:00:00","guid":{"rendered":"https:\/\/originalportas.com.br\/blog\/?p=15191"},"modified":"2025-02-03T16:45:04","modified_gmt":"2025-02-03T16:45:04","slug":"porta-de-enrolar-com-trava-lamina","status":"publish","type":"post","link":"https:\/\/originalportas.com.br\/blog\/porta-de-enrolar-com-trava-lamina\/","title":{"rendered":"Como evitar invas\u00f5es na porta de enrolar com trava l\u00e2mina"},"content":{"rendered":"\n<p>Se voc\u00ea instalar na porta de enrolar com trava l\u00e2mina, a sensa\u00e7\u00e3o de seguran\u00e7a aumenta?<\/p>\n\n\n\n<p>Est\u00e1 cansado de sair de casa e ficar preocupado em deixar a sua casa indefesa e at\u00e9 mesmo com membros da sua fam\u00edlia sem qualquer medida de prote\u00e7\u00e3o?<\/p>\n\n\n\n<p>Ou o seu com\u00e9rcio ou ind\u00fastria que n\u00e3o pode fica desprotegido por conta dos materiais, equipamentos e mercadorias, sem mencionar de n\u00e3o ocorrer situa\u00e7\u00f5es problem\u00e1ticas fora do hor\u00e1rio comercial com colaboradores, fornecedores e clientes?<\/p>\n\n\n\n<p>Com tal conte\u00fado, voc\u00ea ter\u00e1 mais informa\u00e7\u00f5es sobre a trava l\u00e2mina para porta de enrolar a fim de aprimorar as medidas de seguran\u00e7a e evitar qualquer sinal de vulnerabilidade.<\/p>\n\n\n\n<h2 class=\"wp-block-heading\"><strong>Quais as vantagens da porta de enrolar com trava l\u00e2mina?<\/strong><\/h2>\n\n\n\n<p>A trava l\u00e2mina \u00e9 essencial para trazer um elemento a mais de refor\u00e7ar a entrada do seu im\u00f3vel.<\/p>\n\n\n\n<p>Mesmo que porta de enrolar j\u00e1 seja produzido com material resistente, seja em a\u00e7o galvanizado ou a\u00e7o inox, para ter certa resist\u00eancia a poss\u00edveis amea\u00e7as, como arrombamentos e invas\u00f5es.<\/p>\n\n\n\n<div class=\"wp-block-media-text has-media-on-the-right is-stacked-on-mobile\"><div class=\"wp-block-media-text__content\">\n<p>Com tal acess\u00f3rio adicionado a sua aquisi\u00e7\u00e3o, voc\u00ea garante que mesmo suspeitos utilizem ferramentas, as chances de entrarem e fazerem a limpa no seu im\u00f3vel s\u00e3o, praticamente, nulas.<\/p>\n\n\n\n<p>Em resid\u00eancias, a sua fam\u00edlia estar\u00e1 protegida de poss\u00edveis ataques e se n\u00e3o houver ningu\u00e9m no recinto, as preocupa\u00e7\u00f5es s\u00e3o menores por ter essa garantia de seguran\u00e7a.<\/p>\n<\/div><figure class=\"wp-block-media-text__media\"><img fetchpriority=\"high\" decoding=\"async\" width=\"900\" height=\"900\" src=\"https:\/\/originalportas.com.br\/blog\/wp-content\/uploads\/2025\/02\/porta-de-enrolar-com-trava-lamina-1.webp\" alt=\"porta de enrolar com trava l\u00e2mina\" class=\"wp-image-15193 size-full\" srcset=\"https:\/\/originalportas.com.br\/blog\/wp-content\/uploads\/2025\/02\/porta-de-enrolar-com-trava-lamina-1.webp 900w, https:\/\/originalportas.com.br\/blog\/wp-content\/uploads\/2025\/02\/porta-de-enrolar-com-trava-lamina-1-300x300.webp 300w, https:\/\/originalportas.com.br\/blog\/wp-content\/uploads\/2025\/02\/porta-de-enrolar-com-trava-lamina-1-150x150.webp 150w, https:\/\/originalportas.com.br\/blog\/wp-content\/uploads\/2025\/02\/porta-de-enrolar-com-trava-lamina-1-768x768.webp 768w, https:\/\/originalportas.com.br\/blog\/wp-content\/uploads\/2025\/02\/porta-de-enrolar-com-trava-lamina-1-60x60.webp 60w, https:\/\/originalportas.com.br\/blog\/wp-content\/uploads\/2025\/02\/porta-de-enrolar-com-trava-lamina-1-360x360.webp 360w\" sizes=\"(max-width: 900px) 100vw, 900px\" \/><\/figure><\/div>\n\n\n\n<p>Assim, n\u00e3o h\u00e1 vulnerabilidades tanto para os entes queridos quanto para os seus bens.<\/p>\n\n\n\n<p>Agora, em com\u00e9rcios ou ind\u00fastrias, voc\u00ea assegura o bem-estar dos seus colaboradores, fornecedores e clientes para n\u00e3o sofrer qualquer tipo de ataque. Al\u00e9m de n\u00e3o ter preju\u00edzos com perda de equipamentos, materiais e mercadorias.<\/p>\n\n\n\n<p>A porta de enrolar com trava l\u00e2mina garante alta durabilidade para prevenir manuten\u00e7\u00f5es constantes e interromper o seu funcionamento di\u00e1rio, al\u00e9m de n\u00e3o causar surpresas inesperadas em momentos de urg\u00eancia.<\/p>\n\n\n\n<p>Dessa forma, o seu investimento \u00e9 significativo por combinar efici\u00eancia, agilidade e, principalmente, a seguran\u00e7a na integridade f\u00edsica e psicol\u00f3gica das pessoas e, assegurar o estado dos seus bens (patrim\u00f4nio).<\/p>\n\n\n\n<p>\u00c9 isso que torna a trava l\u00e2mina vital para voc\u00ea por n\u00e3o ser algo sup\u00e9rfluo ou que pode deixar para depois, mas sim algo para potencializar a prote\u00e7\u00e3o do seu im\u00f3vel.<\/p>\n\n\n\n<h3 class=\"wp-block-heading\"><strong>Onde encontrar as melhores solu\u00e7\u00f5es para trava l\u00e2mina na porta de enrolar?<\/strong><\/h3>\n\n\n\n<p>Voc\u00ea encontra na Original Portas, a maior e melhor empresa de portas autom\u00e1ticas da Am\u00e9rica Latina, onde possui o compromisso e a responsabilidade de entregar produtos de alta qualidade, como trava l\u00e2mina, e prestar servi\u00e7os de excel\u00eancia.<\/p>\n\n\n\n<div class=\"wp-block-media-text is-stacked-on-mobile\"><figure class=\"wp-block-media-text__media\"><img decoding=\"async\" width=\"872\" height=\"872\" src=\"https:\/\/originalportas.com.br\/blog\/wp-content\/uploads\/2025\/02\/porta-de-enrolar-com-trava-lamina-3.webp\" alt=\"porta de enrolar com trava l\u00e2mina\" class=\"wp-image-15194 size-full\" srcset=\"https:\/\/originalportas.com.br\/blog\/wp-content\/uploads\/2025\/02\/porta-de-enrolar-com-trava-lamina-3.webp 872w, https:\/\/originalportas.com.br\/blog\/wp-content\/uploads\/2025\/02\/porta-de-enrolar-com-trava-lamina-3-300x300.webp 300w, https:\/\/originalportas.com.br\/blog\/wp-content\/uploads\/2025\/02\/porta-de-enrolar-com-trava-lamina-3-150x150.webp 150w, https:\/\/originalportas.com.br\/blog\/wp-content\/uploads\/2025\/02\/porta-de-enrolar-com-trava-lamina-3-768x768.webp 768w, https:\/\/originalportas.com.br\/blog\/wp-content\/uploads\/2025\/02\/porta-de-enrolar-com-trava-lamina-3-60x60.webp 60w, https:\/\/originalportas.com.br\/blog\/wp-content\/uploads\/2025\/02\/porta-de-enrolar-com-trava-lamina-3-360x360.webp 360w\" sizes=\"(max-width: 872px) 100vw, 872px\" \/><\/figure><div class=\"wp-block-media-text__content\">\n<p>A Original segue os seguintes crit\u00e9rios para ser a sua escolha #1:<\/p>\n\n\n\n<ul class=\"wp-block-list\">\n<li>Valor agregado.<\/li>\n\n\n\n<li>Seguran\u00e7a;<\/li>\n\n\n\n<li>Durabilidade;<\/li>\n\n\n\n<li>Praticidade;<\/li>\n\n\n\n<li>Qualidade;<\/li>\n\n\n\n<li>Ergonomia;<\/li>\n\n\n\n<li>Custo e benef\u00edcio;<\/li>\n<\/ul>\n\n\n\n<p>Como pode notar, n\u00f3s da Original nos preocupamos com as suas dores e tratamos de melhorar constantemente para trazer solu\u00e7\u00f5es de alto n\u00edvel a fim de sanar as suas d\u00favidas e n\u00e3o ter mais preju\u00edzos para a sua situa\u00e7\u00e3o financeira.<\/p>\n<\/div><\/div>\n\n\n\n<p>Por isso, a trava l\u00e2mina tem como objetivo, como visto durante o artigo, em trazer melhorias para a sua vida, seja no meio pessoal e\/ou meio empresarial.<\/p>\n\n\n\n<p>Pensou em portas? Pensou em Original Portas!<\/p>\n\n\n\n<h4 class=\"wp-block-heading\"><strong>Trava l\u00e2mina: Invista em solu\u00e7\u00f5es ben\u00e9ficas para aumentar a sua seguran\u00e7a e do seu im\u00f3vel<\/strong><\/h4>\n\n\n\n<p>A trava l\u00e2mina \u00e9 um investimento promissor para conferir seguran\u00e7a ao seu im\u00f3vel, seja ele comercial, industrial ou residencial, e consequentemente para as pessoas, pets e ve\u00edculos presentes na opera\u00e7\u00e3o do fechamento da sua porta de enrolar.<\/p>\n\n\n\n<p>Al\u00e9m disso, o acess\u00f3rio possui um valor significativo para o seu patrim\u00f4nio ao conferir durabilidade, praticidade e sentimento de prote\u00e7\u00e3o, sem contar que livra de preju\u00edzos.<\/p>\n\n\n\n<div class=\"wp-block-media-text has-media-on-the-right is-stacked-on-mobile\"><div class=\"wp-block-media-text__content\">\n<p>Voc\u00ea encontra solu\u00e7\u00f5es para os seus problemas com a trava l\u00e2mina para porta de enrolar na Original Portas, onde a matriz est\u00e1 localizada em Guarulhos, S\u00e3o Paulo, mas temos v\u00e1rias filiais espalhadas em solo brasileiro e a nossa franquia,&nbsp;<a href=\"https:\/\/brasilportasautomaticas.com.br\/\" target=\"_blank\" rel=\"noreferrer noopener\">Brasil Portas<\/a>, est\u00e1 estabelecida no Nordeste.<\/p>\n\n\n\n<p>Atendemos para todo o Brasil e pa\u00edses vizinhos, pois o nosso foco \u00e9 sempre levar qualidade, seguran\u00e7a e conforto diretamente para o seu im\u00f3vel.<\/p>\n<\/div><figure class=\"wp-block-media-text__media\"><img decoding=\"async\" width=\"900\" height=\"900\" src=\"https:\/\/originalportas.com.br\/blog\/wp-content\/uploads\/2025\/02\/porta-de-enrolar-com-trava-lamina-2.webp\" alt=\"porta de enrolar com trava l\u00e2mina\" class=\"wp-image-15195 size-full\" srcset=\"https:\/\/originalportas.com.br\/blog\/wp-content\/uploads\/2025\/02\/porta-de-enrolar-com-trava-lamina-2.webp 900w, https:\/\/originalportas.com.br\/blog\/wp-content\/uploads\/2025\/02\/porta-de-enrolar-com-trava-lamina-2-300x300.webp 300w, https:\/\/originalportas.com.br\/blog\/wp-content\/uploads\/2025\/02\/porta-de-enrolar-com-trava-lamina-2-150x150.webp 150w, https:\/\/originalportas.com.br\/blog\/wp-content\/uploads\/2025\/02\/porta-de-enrolar-com-trava-lamina-2-768x768.webp 768w, https:\/\/originalportas.com.br\/blog\/wp-content\/uploads\/2025\/02\/porta-de-enrolar-com-trava-lamina-2-60x60.webp 60w, https:\/\/originalportas.com.br\/blog\/wp-content\/uploads\/2025\/02\/porta-de-enrolar-com-trava-lamina-2-360x360.webp 360w\" sizes=\"(max-width: 900px) 100vw, 900px\" \/><\/figure><\/div>\n\n\n\n<p>Garanta em at\u00e9 10x no cart\u00e3o de cr\u00e9dito com 2 anos de garantia, tendo o melhor custo e benef\u00edcio para n\u00e3o apertar as suas finan\u00e7as e caber no seu or\u00e7amento.<\/p>\n\n\n\n<p><a href=\"https:\/\/originalportas.com.br\/contato\/\">Entre em contato<\/a>&nbsp;com um dos nossos especialistas para resolver as suas pend\u00eancias e encomendar o que voc\u00ea precisa com os acess\u00f3rios para porta de enrolar.<\/p>\n\n\n\n<p><strong>Venha ser Original Portas, onde a nossa parceria \u00e9 de satisfa\u00e7\u00e3o rumo ao sucesso!<\/strong><\/p>\n\n\n\n<p><\/p>\n","protected":false},"excerpt":{"rendered":"<p>Se voc\u00ea instalar na porta de enrolar com trava l\u00e2mina, a sensa\u00e7\u00e3o de seguran\u00e7a aumenta? Est\u00e1 cansado de sair de casa e ficar preocupado em deixar a sua casa indefesa e at\u00e9 mesmo com membros da sua fam\u00edlia sem qualquer medida de prote\u00e7\u00e3o? Ou o seu com\u00e9rcio ou ind\u00fastria que n\u00e3o pode fica desprotegido por [&hellip;]<\/p>\n","protected":false},"author":1,"featured_media":15192,"comment_status":"open","ping_status":"open","sticky":false,"template":"","format":"standard","meta":{"footnotes":""},"categories":[370,33],"tags":[4,5,14,30,92,384,375,382],"class_list":["post-15191","post","type-post","status-publish","format-standard","has-post-thumbnail","hentry","category-acessorios","category-porta-automatica","tag-original","tag-original_portas","tag-original-portas-automaticas","tag-porta-de-enrolar","tag-porta-de-enrolar-automatica","tag-porta-de-enrolar-com-trava-lamina","tag-trava-lamina","tag-trava-lamina-para-porta-de-enrolar"],"_links":{"self":[{"href":"https:\/\/originalportas.com.br\/blog\/wp-json\/wp\/v2\/posts\/15191","targetHints":{"allow":["GET"]}}],"collection":[{"href":"https:\/\/originalportas.com.br\/blog\/wp-json\/wp\/v2\/posts"}],"about":[{"href":"https:\/\/originalportas.com.br\/blog\/wp-json\/wp\/v2\/types\/post"}],"author":[{"embeddable":true,"href":"https:\/\/originalportas.com.br\/blog\/wp-json\/wp\/v2\/users\/1"}],"replies":[{"embeddable":true,"href":"https:\/\/originalportas.com.br\/blog\/wp-json\/wp\/v2\/comments?post=15191"}],"version-history":[{"count":0,"href":"https:\/\/originalportas.com.br\/blog\/wp-json\/wp\/v2\/posts\/15191\/revisions"}],"wp:featuredmedia":[{"embeddable":true,"href":"https:\/\/originalportas.com.br\/blog\/wp-json\/wp\/v2\/media\/15192"}],"wp:attachment":[{"href":"https:\/\/originalportas.com.br\/blog\/wp-json\/wp\/v2\/media?parent=15191"}],"wp:term":[{"taxonomy":"category","embeddable":true,"href":"https:\/\/originalportas.com.br\/blog\/wp-json\/wp\/v2\/categories?post=15191"},{"taxonomy":"post_tag","embeddable":true,"href":"https:\/\/originalportas.com.br\/blog\/wp-json\/wp\/v2\/tags?post=15191"}],"curies":[{"name":"wp","href":"https:\/\/api.w.org\/{rel}","templated":true}]}}