{"id":7328,"date":"2026-07-28T09:30:00","date_gmt":"2026-07-28T09:30:00","guid":{"rendered":"https:\/\/originalportasbrasil.com.br\/?p=7328"},"modified":"2026-07-28T12:57:21","modified_gmt":"2026-07-28T12:57:21","slug":"invista-em-porta-rapida-no-supermercado","status":"publish","type":"post","link":"https:\/\/originalportas.com.br\/blog\/invista-em-porta-rapida-no-supermercado\/","title":{"rendered":"Por que investir em porta r\u00e1pida no supermercado?"},"content":{"rendered":"\n<p class=\"wp-block-paragraph\">Quem j\u00e1 passou por um supermercado na v\u00e9spera de Natal ou durante a Black Friday sabe: os corredores ficam cheios, o estoque esvazia r\u00e1pido e a equipe corre de um lado para o outro tentando repor as prateleiras antes que faltem os produtos mais procurados.<\/p>\n\n\n\n<p class=\"wp-block-paragraph\">Nesse ritmo, cada detalhe da opera\u00e7\u00e3o conta. E \u00e9 a\u00ed que muitos gestores esbarram em um problema que parece pequeno, mas trava o fluxo de trabalho: as portas manuais entre o estoque e a \u00e1rea de vendas, ou entre a c\u00e2mara fria e o dep\u00f3sito. Elas atrasam a reposi\u00e7\u00e3o, obrigam os colaboradores a empurrar carrinhos com as m\u00e3os ocupadas e ainda deixam o ambiente exposto por mais tempo do que deveria.<\/p>\n\n\n\n<p class=\"wp-block-paragraph\">A porta r\u00e1pida no supermercado resolve exatamente esse gargalo, pois ao substituir as portas convencionais por um sistema de abertura e fechamento automatizado, a opera\u00e7\u00e3o ganha agilidade, os produtos ficam protegidos de varia\u00e7\u00f5es de temperatura e contamina\u00e7\u00e3o, e a equipe consegue repor as prateleiras sem parar o processo para abrir portas manualmente.<\/p>\n\n\n\n<p class=\"wp-block-paragraph\">Neste artigo, voc\u00ea entender\u00e1 quais modelos de porta r\u00e1pida fazem mais sentido para um supermercado e por que esse investimento costuma se pagar rapidamente, tanto em produtividade quanto na preserva\u00e7\u00e3o da mercadoria.<\/p>\n\n\n\n<!-- ============================================================\n     WIDGET: Jornada do Her\u00f3i \u2014 Porta R\u00e1pida no Supermercado\n     Uso: colar este bloco inteiro dentro do editor de HTML do CMS.\n     Isolamento: todas as classes usam o prefixo \"jpr-\" e o wrapper\n     aplica \"all: revert\" para n\u00e3o herdar estilos do tema do site.\n     ============================================================ -->\n<div id=\"jpr-widget\">\n  <style>\n    #jpr-widget, #jpr-widget * {\n      all: revert;\n      box-sizing: border-box;\n    }\n\n    #jpr-widget {\n      font-family: 'Inter', -apple-system, BlinkMacSystemFont, sans-serif;\n      background: #274c56;\n      color: #eef3f5;\n      padding: 56px 20px;\n      border-radius: 18px;\n      max-width: 880px;\n      margin: 0 auto;\n      overflow: hidden;\n      position: relative;\n    }\n\n    #jpr-widget .jpr-eyebrow {\n      display: inline-block;\n      font-family: 'Space Grotesk', 'Inter', sans-serif;\n      font-size: 12px;\n      font-weight: 600;\n      letter-spacing: 0.14em;\n      text-transform: uppercase;\n      color: #6bb7cc;\n      border: 1px solid rgba(107, 183, 204, 0.4);\n      padding: 6px 14px;\n      border-radius: 999px;\n      margin-bottom: 20px;\n    }\n\n    #jpr-widget .jpr-title {\n      font-family: 'Space Grotesk', 'Inter', sans-serif;\n      font-size: clamp(26px, 4vw, 38px);\n      font-weight: 700;\n      line-height: 1.15;\n      margin: 0 0 14px 0;\n      color: #ffffff;\n      max-width: 22ch;\n    }\n\n    #jpr-widget .jpr-intro {\n      font-size: 16px;\n      line-height: 1.65;\n      color: #c7d8dc;\n      max-width: 58ch;\n      margin: 0 0 48px 0;\n    }\n\n    #jpr-widget .jpr-timeline {\n      position: relative;\n      padding-left: 46px;\n    }\n\n    \/* linha vertical que muda de cor: atrito (vermelho) -> resolu\u00e7\u00e3o (verde-azulado) *\/\n    #jpr-widget .jpr-line {\n      position: absolute;\n      left: 15px;\n      top: 6px;\n      bottom: 6px;\n      width: 2px;\n      background: linear-gradient(180deg, #b51b1c 0%, #b51b1c 30%, #6a231c 55%, #1d7991 78%, #447c94 100%);\n      border-radius: 2px;\n    }\n\n    #jpr-widget .jpr-step {\n      position: relative;\n      padding-bottom: 44px;\n    }\n\n    #jpr-widget .jpr-step:last-child {\n      padding-bottom: 0;\n    }\n\n    #jpr-widget .jpr-marker {\n      position: absolute;\n      left: -46px;\n      top: 2px;\n      width: 32px;\n      height: 32px;\n      border-radius: 50%;\n      display: flex;\n      align-items: center;\n      justify-content: center;\n      font-family: 'Space Grotesk', 'Inter', sans-serif;\n      font-weight: 700;\n      font-size: 13px;\n      color: #274c56;\n      border: 3px solid #274c56;\n    }\n\n    #jpr-widget .jpr-step[data-tone=\"problema\"] .jpr-marker { background: #b51b1c; color: #fff; }\n    #jpr-widget .jpr-step[data-tone=\"duvida\"] .jpr-marker { background: #6a231c; color: #fff; }\n    #jpr-widget .jpr-step[data-tone=\"virada\"] .jpr-marker { background: #1d7991; color: #fff; }\n    #jpr-widget .jpr-step[data-tone=\"normal\"] .jpr-marker { background: #447c94; color: #fff; }\n\n    #jpr-widget .jpr-step-label {\n      font-family: 'Space Grotesk', 'Inter', sans-serif;\n      font-size: 12px;\n      font-weight: 700;\n      letter-spacing: 0.08em;\n      text-transform: uppercase;\n      margin: 4px 0 8px 0;\n    }\n\n    #jpr-widget .jpr-step[data-tone=\"problema\"] .jpr-step-label { color: #ff8a8a; }\n    #jpr-widget .jpr-step[data-tone=\"duvida\"] .jpr-step-label { color: #e0a08f; }\n    #jpr-widget .jpr-step[data-tone=\"virada\"] .jpr-step-label { color: #6bd0e8; }\n    #jpr-widget .jpr-step[data-tone=\"normal\"] .jpr-step-label { color: #9fc3cf; }\n\n    #jpr-widget .jpr-step-title {\n      font-family: 'Space Grotesk', 'Inter', sans-serif;\n      font-size: 19px;\n      font-weight: 700;\n      color: #ffffff;\n      margin: 0 0 10px 0;\n    }\n\n    #jpr-widget .jpr-step-text {\n      font-size: 15.5px;\n      line-height: 1.7;\n      color: #cfe0e4;\n      max-width: 60ch;\n      margin: 0;\n    }\n\n    #jpr-widget .jpr-step-text strong {\n      color: #ffffff;\n      font-weight: 600;\n    }\n\n    #jpr-widget .jpr-card {\n      background: rgba(255, 255, 255, 0.04);\n      border: 1px solid rgba(255, 255, 255, 0.08);\n      border-radius: 14px;\n      padding: 20px 22px;\n    }\n\n    #jpr-widget .jpr-step[data-tone=\"virada\"] .jpr-card {\n      background: rgba(29, 121, 145, 0.16);\n      border-color: rgba(68, 124, 148, 0.5);\n    }\n\n    #jpr-widget .jpr-result {\n      margin-top: 44px;\n      padding: 22px 24px;\n      border-radius: 14px;\n      background: rgba(255, 255, 255, 0.03);\n      border-left: 3px solid #1d7991;\n      font-size: 15px;\n      line-height: 1.7;\n      color: #dcebee;\n    }\n\n    #jpr-widget .jpr-cta {\n      margin-top: 32px;\n      display: flex;\n      flex-wrap: wrap;\n      align-items: center;\n      gap: 18px;\n    }\n\n    #jpr-widget .jpr-cta-button {\n      font-family: 'Space Grotesk', 'Inter', sans-serif;\n      display: inline-block;\n      background: #1d7991;\n      color: #ffffff;\n      text-decoration: none;\n      font-weight: 700;\n      font-size: 15px;\n      padding: 14px 26px;\n      border-radius: 10px;\n      transition: background 0.2s ease, transform 0.2s ease;\n    }\n\n    #jpr-widget .jpr-cta-button:hover {\n      background: #447c94;\n      transform: translateY(-1px);\n    }\n\n    #jpr-widget .jpr-cta-note {\n      font-size: 13px;\n      color: #9fc3cf;\n      max-width: 32ch;\n      line-height: 1.5;\n    }\n\n    @media (max-width: 520px) {\n      #jpr-widget { padding: 40px 16px; border-radius: 12px; }\n      #jpr-widget .jpr-timeline { padding-left: 38px; }\n      #jpr-widget .jpr-marker { left: -38px; width: 28px; height: 28px; font-size: 12px; }\n      #jpr-widget .jpr-line { left: 13px; }\n    }\n  <\/style>\n\n  <span class=\"jpr-eyebrow\">Jornada de transforma\u00e7\u00e3o<\/span>\n  <h2 class=\"jpr-title\">A jornada de Jos\u00e9: da porta que trava tudo \u00e0 porta que resolve<\/h2>\n  <p class=\"jpr-intro\">\n    Todo gestor de supermercado reconhece um pouco de si na hist\u00f3ria do Jos\u00e9. O problema raramente aparece de uma vez,\n    ele se acumula em pequenas perdas di\u00e1rias at\u00e9 virar um rombo que ningu\u00e9m sabia de onde vinha.\n  <\/p>\n\n  <div class=\"jpr-timeline\">\n    <div class=\"jpr-line\"><\/div>\n\n    <div class=\"jpr-step\" data-tone=\"normal\">\n      <div class=\"jpr-marker\">01<\/div>\n      <div class=\"jpr-step-label\">O dia a dia<\/div>\n      <div class=\"jpr-card\">\n        <h3 class=\"jpr-step-title\">Um mercado que funciona, mas exige demais<\/h3>\n        <p class=\"jpr-step-text\">\n          Jos\u00e9 toca o seu mercado h\u00e1 anos. A rotina \u00e9 sempre a mesma: reposi\u00e7\u00e3o correndo entre o estoque e as prateleiras,\n          c\u00e2mara fria abrindo e fechando dezenas de vezes por turno, equipe girando entre uma tarefa e outra.\n          Funciona, mas o esfor\u00e7o para manter tudo de p\u00e9 cresce m\u00eas ap\u00f3s m\u00eas.\n        <\/p>\n      <\/div>\n    <\/div>\n\n    <div class=\"jpr-step\" data-tone=\"problema\">\n      <div class=\"jpr-marker\">02<\/div>\n      <div class=\"jpr-step-label\">O problema que n\u00e3o parava de voltar<\/div>\n      <div class=\"jpr-card\">\n        <h3 class=\"jpr-step-title\">Perda, rotatividade e um passivo trabalhista \u00e0 vista<\/h3>\n        <p class=\"jpr-step-text\">\n          Aos poucos, os n\u00fameros come\u00e7am a incomodar Jos\u00e9. <strong>Mercadoria perdida<\/strong> por varia\u00e7\u00e3o de temperatura\n          na c\u00e2mara fria. <strong>Rotatividade<\/strong> mais alta do que o normal na equipe de reposi\u00e7\u00e3o. Um afastamento\n          por esfor\u00e7o repetitivo que esbarra direto na <strong>NR-17<\/strong>, a norma que trata da ergonomia no trabalho,\n          e que agora significa risco de indeniza\u00e7\u00e3o. Cada problema, sozinho, parecia administr\u00e1vel. Juntos, viravam\n          sa\u00edda de caixa sem virar lucro.\n        <\/p>\n      <\/div>\n    <\/div>\n\n    <div class=\"jpr-step\" data-tone=\"duvida\">\n      <div class=\"jpr-marker\">03<\/div>\n      <div class=\"jpr-step-label\">A d\u00favida<\/div>\n      <div class=\"jpr-card\">\n        <h3 class=\"jpr-step-title\">Porta deslizante, porta de vai e vem, ou ser\u00e1 que o problema \u00e9 a porta?<\/h3>\n        <p class=\"jpr-step-text\">\n          Jos\u00e9 j\u00e1 tinha porta deslizante em um ponto e porta de vai e vem em outro. As duas cumpriam a fun\u00e7\u00e3o b\u00e1sica,\n          abrir e fechar, mas nenhuma resolvia o que estava por tr\u00e1s do problema: o tempo em que a c\u00e2mara fria ficava\n          exposta, o esfor\u00e7o f\u00edsico repetido da equipe, o risco de acidente na correria da reposi\u00e7\u00e3o. A pergunta que\n          ficou foi simples: <strong>ser\u00e1 que a porta certa para o meu mercado \u00e9 outra?<\/strong>\n        <\/p>\n      <\/div>\n    <\/div>\n\n    <div class=\"jpr-step\" data-tone=\"virada\">\n      <div class=\"jpr-marker\">04<\/div>\n      <div class=\"jpr-step-label\">A virada<\/div>\n      <div class=\"jpr-card\">\n        <h3 class=\"jpr-step-title\">A porta r\u00e1pida muda o fluxo, n\u00e3o s\u00f3 a porta<\/h3>\n        <p class=\"jpr-step-text\">\n          Ao trocar os pontos cr\u00edticos por <strong>porta r\u00e1pida<\/strong>, o cen\u00e1rio muda. A c\u00e2mara fria fecha em\n          segundos, perde menos ar frio e os produtos ficam menos tempo expostos \u00e0 varia\u00e7\u00e3o de temperatura. A equipe\n          deixa de empurrar porta com carrinho nas m\u00e3os, o que tira carga f\u00edsica do dia a dia e ajuda a atender a\n          exig\u00eancia da NR-17. E o fluxo de reposi\u00e7\u00e3o, que antes travava no hor\u00e1rio de pico, passa a rodar sem parar\n          para abrir porta manualmente.\n        <\/p>\n      <\/div>\n    <\/div>\n  <\/div>\n\n  <div class=\"jpr-result\">\n    O resultado n\u00e3o aparece s\u00f3 na opera\u00e7\u00e3o, aparece no caixa: menos mercadoria perdida, menos rotatividade na equipe\n    e menos exposi\u00e7\u00e3o a passivo trabalhista. Entradas que finalmente se tornam lucro.\n  <\/div>\n\n  <div class=\"jpr-cta\">\n    <a class=\"jpr-cta-button\" href=\"https:\/\/www.originalportas.com.br\/portas-rapidas\" target=\"_blank\" rel=\"noopener\">\n      Descubra qual porta r\u00e1pida se encaixa no seu mercado\n    <\/a>\n    <span class=\"jpr-cta-note\">Fale com um especialista e compare as op\u00e7\u00f5es para o seu ponto de venda.<\/span>\n  <\/div>\n<\/div>\n\n\n\n<h2 class=\"wp-block-heading\">O que \u00e9 a porta r\u00e1pida? <\/h2>\n\n\n\n<p class=\"wp-block-paragraph\">A porta r\u00e1pida \u00e9 um tipo de porta industrial automatizada, projetada para abrir e fechar em uma velocidade muito maior do que uma porta convencional. Ela costuma ser fabricada em lona de PVC flex\u00edvel, um material resistente a impactos, \u00e0 umidade e a varia\u00e7\u00f5es clim\u00e1ticas, o que permite um funcionamento intenso sem desgaste precoce.<\/p>\n\n\n\n<p class=\"wp-block-paragraph\">Diferente das portas manuais, a porta r\u00e1pida trabalha de forma autom\u00e1tica, geralmente acionada por sensores de presen\u00e7a, botoeira ou controle remoto. Isso significa que o colaborador n\u00e3o precisa parar o que est\u00e1 fazendo, soltar o carrinho ou empurrar a porta com o corpo para atravessar de um ambiente para o outro.<\/p>\n\n\n\n<p class=\"wp-block-paragraph\">Ainda mais em um supermercado, onde o ritmo \u00e9 constante e n\u00e3o pode perder tempo na reposi\u00e7\u00e3o e muito menos no desgaste f\u00edsico da equipe, al\u00e9m de trazer mais prote\u00e7\u00e3o para os produtos que transitam entre o dep\u00f3sito, a \u00e1rea de vendas e as c\u00e2maras frias. <\/p>\n\n\n\n<h2 class=\"wp-block-heading\">Quais s\u00e3o as melhores op\u00e7\u00f5es de porta r\u00e1pida para supermercados? <\/h2>\n\n\n\n<p class=\"wp-block-paragraph\">Nem todo supermercado tem a mesma necessidade, pois um dep\u00f3sito de mercearia n\u00e3o exige o mesmo tipo de porta que uma c\u00e2mara fria de latic\u00ednios ou uma \u00e1rea de expedi\u00e7\u00e3o de caminh\u00f5es. Por isso, vale \u00e0 pena conhecer as tr\u00eas aplica\u00e7\u00f5es mais comuns dentro do varejo alimentar.<\/p>\n\n\n\n<h3 class=\"wp-block-heading\">Porta r\u00e1pida de enrolar<\/h3>\n\n\n\n<p class=\"wp-block-paragraph\">A <a href=\"https:\/\/originalportas.com.br\/porta-rapida-de-enrolar\/\">porta r\u00e1pida de enrolar<\/a> \u00e9 a op\u00e7\u00e3o mais vers\u00e1til para separar o estoque da \u00e1rea de vendas ou dar acesso a corredores de reposi\u00e7\u00e3o com alto fluxo de pessoas. Ela opera em alta velocidade de abertura e fechamento, o que ajuda a manter o ritmo de trabalho da equipe mesmo em dias de pico, como v\u00e9speras de feriado.<\/p>\n\n\n\n<p class=\"wp-block-paragraph\">Por ser fabricada em PVC, ela suporta o uso intenso e repetitivo sem sofrer deforma\u00e7\u00f5es, e ainda conta com sistema auto repar\u00e1vel, que reduz a necessidade de manuten\u00e7\u00f5es corretivas frequentes. Isso \u00e9 importante para um supermercado, onde qualquer porta parada pode significar reposi\u00e7\u00e3o atrasada ou acesso bloqueado em um hor\u00e1rio de movimento.<\/p>\n\n\n\n<h3 class=\"wp-block-heading\">Porta r\u00e1pida frigor\u00edfica<\/h3>\n\n\n\n<p class=\"wp-block-paragraph\">Para as c\u00e2maras frias, onde ficam carnes, latic\u00ednios e demais produtos que exigem temperatura controlada, a <a href=\"https:\/\/originalportas.com.br\/porta-frigorifica-rapida\/\">porta r\u00e1pida frigor\u00edfica<\/a> \u00e9 a op\u00e7\u00e3o mais indicada. Ela \u00e9 constru\u00edda com estrutura de alum\u00ednio e lona de PVC, pensada especificamente para ambientes com temperaturas negativas.<\/p>\n\n\n\n<p class=\"wp-block-paragraph\">A veda\u00e7\u00e3o dessa porta ajuda a reter o ar frio dentro da c\u00e2mara e bloquear a entrada de ar quente, o que reduz a perda de energia no processo de refrigera\u00e7\u00e3o. No dia a dia, voc\u00ea garante menos gasto el\u00e9trico para manter a c\u00e2mara na temperatura certa e menos risco de os produtos perec\u00edveis sofrerem varia\u00e7\u00e3o t\u00e9rmica que comprometa sua validade.<\/p>\n\n\n\n<h3 class=\"wp-block-heading\">Porta r\u00e1pida de empacotar<\/h3>\n\n\n\n<p class=\"wp-block-paragraph\">J\u00e1 nas \u00e1reas de recebimento e expedi\u00e7\u00e3o, como docas de carga e descarga, a <a href=\"https:\/\/originalportas.com.br\/porta-industrial-de-empacotamento\/\">porta r\u00e1pida de empacotar<\/a> \u00e9 a mais adequada. Ela se destaca por se &#8220;empacotar&#8221; verticalmente ao abrir, atrav\u00e9s de lonas que se dobram em camadas, o que economiza espa\u00e7o lateral e frontal na instala\u00e7\u00e3o.<\/p>\n\n\n\n<p class=\"wp-block-paragraph\">Esse modelo \u00e9 indicado para v\u00e3os maiores e para opera\u00e7\u00f5es que exigem resist\u00eancia a ventos e intemp\u00e9ries, como o recebimento de caminh\u00f5es de fornecedores. Ao mesmo tempo, ela ajuda a manter o ambiente interno protegido contra poeira e varia\u00e7\u00f5es de temperatura durante o processo de descarregamento.<\/p>\n\n\n\n<h2 class=\"wp-block-heading\">Quais as vantagens de instalar uma porta r\u00e1pida num supermercado?<\/h2>\n\n\n\n<p class=\"wp-block-paragraph\">Se o objetivo \u00e9 otimizar a jornada de trabalho, dar mais dinamismo ao dia a dia da equipe e ainda garantir seguran\u00e7a e qualidade para a mercadoria, a porta r\u00e1pida no supermercado costuma ser a escolha mais acertada.<\/p>\n\n\n\n<p class=\"wp-block-paragraph\">Um dos primeiros ganhos percebidos \u00e9 a produtividade j\u00e1 que a porta r\u00e1pida foi projetada para suportar um n\u00famero elevado de aberturas di\u00e1rias sem perder desempenho, o que evita que a reposi\u00e7\u00e3o de prateleiras fique represada esperando a porta abrir ou fechar manualmente.<\/p>\n\n\n\n<p class=\"wp-block-paragraph\">Ela tamb\u00e9m contribui para o controle de qualidade, devido a veda\u00e7\u00e3o eficiente ao separar ambientes de forma mais eficaz, ajudando a manter a &#8220;sala limpa&#8221; onde ficam os produtos que ainda v\u00e3o passar por controle de qualidade antes de chegar \u00e0s prateleiras, protegida contra poeira, umidade e prolifera\u00e7\u00e3o de bact\u00e9rias.<\/p>\n\n\n\n<p class=\"wp-block-paragraph\">Do ponto de vista da equipe, a porta r\u00e1pida melhora a ergonomia do trabalho, como o acionamento \u00e9 autom\u00e1tico, o colaborador n\u00e3o precisa usar for\u00e7a f\u00edsica para empurrar a porta enquanto carrega caixas ou empurra carrinhos, o que reduz o esfor\u00e7o repetitivo ao longo do turno.<\/p>\n\n\n\n<p class=\"wp-block-paragraph\">A seguran\u00e7a tamb\u00e9m entra na conta, ainda mais que as portas r\u00e1pidas em PVC flex\u00edvel reduzem o risco de les\u00f5es em caso de impacto acidental, e contam com sensores de presen\u00e7a que fazem a porta reabrir automaticamente caso algu\u00e9m ou algum equipamento esteja passando por baixo no momento do fechamento. Com o prop\u00f3sito de evitar acidentes com colaboradores, carrinhos e paleteiras.<\/p>\n\n\n\n<p class=\"wp-block-paragraph\">Outro benef\u00edcio, especialmente nas \u00e1reas de recebimento e docas, \u00e9 a prote\u00e7\u00e3o contra vento, chuva e outras condi\u00e7\u00f5es clim\u00e1ticas adversas, o que ajuda a manter tanto os produtos quanto os clientes protegidos das intemp\u00e9ries.<\/p>\n\n\n\n<p class=\"wp-block-paragraph\">Al\u00e9m disso, as portas r\u00e1pidas atuais t\u00eam acabamento moderno e est\u00e3o dispon\u00edveis em diferentes cores, o que permite alinhar o visual do equipamento \u00e0 identidade da loja, sem parecer um elemento industrial destoante em um ambiente de varejo.<\/p>\n\n\n\n<style>\n  .comparativo-prd,\n  .comparativo-prd * {\n    box-sizing: border-box;\n  }\n\n  .comparativo-prd {\n    --vermelho: #b51b1c;\n    --azul: #1d7991;\n    --vinho: #6a231c;\n    --azul-escuro: #274c56;\n    --azul-medio: #447c94;\n\n    --fundo: #f7f4ef;\n    --branco: #ffffff;\n    --texto: #263b40;\n    --texto-suave: #66787c;\n    --borda: #dce5e6;\n    --verde-suave: #edf7f5;\n    --vermelho-suave: #fff1f0;\n\n    width: 100%;\n    max-width: 1200px;\n    margin: 0 auto;\n    padding: 56px 28px;\n    overflow: hidden;\n\n    font-family:\n      Inter,\n      \"Plus Jakarta Sans\",\n      \"Segoe UI\",\n      Arial,\n      sans-serif;\n\n    color: var(--texto);\n    background:\n      radial-gradient(\n        circle at top right,\n        rgba(68, 124, 148, 0.12),\n        transparent 30%\n      ),\n      var(--fundo);\n\n    border: 1px solid rgba(39, 76, 86, 0.1);\n    border-radius: 28px;\n  }\n\n  .comparativo-prd__cabecalho {\n    display: grid;\n    grid-template-columns: minmax(0, 1fr) auto;\n    gap: 30px;\n    align-items: end;\n    margin-bottom: 40px;\n  }\n\n  .comparativo-prd__cabecalho-conteudo {\n    max-width: 780px;\n  }\n\n  .comparativo-prd__etiqueta {\n    display: inline-flex;\n    align-items: center;\n    gap: 9px;\n\n    margin-bottom: 17px;\n    padding: 8px 13px;\n\n    color: var(--azul-escuro);\n    background: rgba(29, 121, 145, 0.09);\n    border: 1px solid rgba(29, 121, 145, 0.2);\n    border-radius: 999px;\n\n    font-size: 12px;\n    font-weight: 800;\n    letter-spacing: 0.08em;\n    text-transform: uppercase;\n  }\n\n  .comparativo-prd__etiqueta-ponto {\n    width: 8px;\n    height: 8px;\n    background: var(--vermelho);\n    border-radius: 50%;\n    box-shadow: 0 0 0 4px rgba(181, 27, 28, 0.1);\n  }\n\n  .comparativo-prd__titulo {\n    max-width: 720px;\n    margin: 0 0 16px;\n\n    color: var(--azul-escuro);\n    font-size: clamp(31px, 5vw, 52px);\n    font-weight: 800;\n    line-height: 1.05;\n    letter-spacing: -0.045em;\n  }\n\n  .comparativo-prd__titulo span {\n    color: var(--vermelho);\n  }\n\n  .comparativo-prd__introducao {\n    max-width: 720px;\n    margin: 0;\n\n    color: var(--texto-suave);\n    font-size: 17px;\n    line-height: 1.75;\n  }\n\n  .comparativo-prd__resumo {\n    width: 210px;\n    padding: 20px;\n\n    color: var(--branco);\n    background: var(--azul-escuro);\n    border-radius: 20px;\n    box-shadow: 0 16px 38px rgba(39, 76, 86, 0.18);\n  }\n\n  .comparativo-prd__resumo-numero {\n    display: block;\n    margin-bottom: 4px;\n\n    color: var(--branco);\n    font-size: 34px;\n    font-weight: 800;\n    line-height: 1;\n  }\n\n  .comparativo-prd__resumo-texto {\n    display: block;\n\n    color: rgba(255, 255, 255, 0.75);\n    font-size: 13px;\n    line-height: 1.5;\n  }\n\n  .comparativo-prd__grade {\n    display: grid;\n    grid-template-columns: repeat(2, minmax(0, 1fr));\n    gap: 24px;\n    align-items: stretch;\n  }\n\n  .comparativo-prd__card {\n    position: relative;\n    display: flex;\n    flex-direction: column;\n    min-width: 0;\n    overflow: hidden;\n\n    background: var(--branco);\n    border: 1px solid var(--borda);\n    border-radius: 24px;\n    box-shadow: 0 18px 45px rgba(39, 76, 86, 0.08);\n\n    transition:\n      transform 0.25s ease,\n      box-shadow 0.25s ease,\n      border-color 0.25s ease;\n  }\n\n  .comparativo-prd__card:hover {\n    transform: translateY(-4px);\n    box-shadow: 0 24px 55px rgba(39, 76, 86, 0.13);\n  }\n\n  .comparativo-prd__card--deslizante:hover {\n    border-color: rgba(68, 124, 148, 0.4);\n  }\n\n  .comparativo-prd__card--rapida {\n    border-color: rgba(181, 27, 28, 0.24);\n  }\n\n  .comparativo-prd__card--rapida:hover {\n    border-color: rgba(181, 27, 28, 0.48);\n  }\n\n  .comparativo-prd__faixa {\n    height: 7px;\n    width: 100%;\n  }\n\n  .comparativo-prd__card--deslizante .comparativo-prd__faixa {\n    background: var(--azul-medio);\n  }\n\n  .comparativo-prd__card--rapida .comparativo-prd__faixa {\n    background: var(--vermelho);\n  }\n\n  .comparativo-prd__card-corpo {\n    display: flex;\n    flex: 1;\n    flex-direction: column;\n    padding: 30px;\n  }\n\n  .comparativo-prd__card-topo {\n    display: flex;\n    gap: 17px;\n    align-items: center;\n    margin-bottom: 27px;\n  }\n\n  .comparativo-prd__icone {\n    display: flex;\n    flex: 0 0 58px;\n    align-items: center;\n    justify-content: center;\n\n    width: 58px;\n    height: 58px;\n\n    border-radius: 18px;\n  }\n\n  .comparativo-prd__icone svg {\n    width: 27px;\n    height: 27px;\n    fill: none;\n    stroke: currentColor;\n    stroke-width: 2;\n    stroke-linecap: round;\n    stroke-linejoin: round;\n  }\n\n  .comparativo-prd__card--deslizante .comparativo-prd__icone {\n    color: var(--azul-escuro);\n    background: rgba(68, 124, 148, 0.12);\n  }\n\n  .comparativo-prd__card--rapida .comparativo-prd__icone {\n    color: var(--vermelho);\n    background: rgba(181, 27, 28, 0.1);\n  }\n\n  .comparativo-prd__card-titulo {\n    margin: 0 0 6px;\n\n    color: var(--azul-escuro);\n    font-size: 24px;\n    font-weight: 800;\n    line-height: 1.2;\n    letter-spacing: -0.025em;\n  }\n\n  .comparativo-prd__card-descricao {\n    margin: 0;\n\n    color: var(--texto-suave);\n    font-size: 14px;\n    line-height: 1.55;\n  }\n\n  .comparativo-prd__selo-recomendado {\n    position: absolute;\n    top: 22px;\n    right: 22px;\n\n    padding: 7px 10px;\n\n    color: var(--branco);\n    background: var(--vermelho);\n    border-radius: 999px;\n\n    font-size: 10px;\n    font-weight: 800;\n    letter-spacing: 0.06em;\n    text-transform: uppercase;\n  }\n\n  .comparativo-prd__bloco {\n    margin-bottom: 25px;\n  }\n\n  .comparativo-prd__bloco:last-of-type {\n    margin-bottom: 0;\n  }\n\n  .comparativo-prd__subtitulo {\n    display: flex;\n    align-items: center;\n    gap: 9px;\n\n    margin: 0 0 14px;\n\n    color: var(--azul-escuro);\n    font-size: 13px;\n    font-weight: 800;\n    letter-spacing: 0.065em;\n    text-transform: uppercase;\n  }\n\n  .comparativo-prd__subtitulo-icone {\n    display: flex;\n    align-items: center;\n    justify-content: center;\n\n    width: 25px;\n    height: 25px;\n\n    border-radius: 8px;\n\n    font-size: 15px;\n    font-weight: 900;\n    line-height: 1;\n  }\n\n  .comparativo-prd__subtitulo--positivo\n    .comparativo-prd__subtitulo-icone {\n    color: var(--azul);\n    background: rgba(29, 121, 145, 0.11);\n  }\n\n  .comparativo-prd__subtitulo--negativo\n    .comparativo-prd__subtitulo-icone {\n    color: var(--vinho);\n    background: rgba(106, 35, 28, 0.1);\n  }\n\n  .comparativo-prd__lista {\n    display: grid;\n    gap: 11px;\n\n    margin: 0;\n    padding: 0;\n\n    list-style: none;\n  }\n\n  .comparativo-prd__item {\n    display: grid;\n    grid-template-columns: 29px minmax(0, 1fr);\n    gap: 11px;\n    align-items: start;\n\n    margin: 0;\n    padding: 12px 13px;\n\n    border: 1px solid transparent;\n    border-radius: 13px;\n\n    color: #40565b;\n    font-size: 14px;\n    line-height: 1.55;\n  }\n\n  .comparativo-prd__item--positivo {\n    background: var(--verde-suave);\n    border-color: rgba(29, 121, 145, 0.09);\n  }\n\n  .comparativo-prd__item--negativo {\n    background: var(--vermelho-suave);\n    border-color: rgba(181, 27, 28, 0.08);\n  }\n\n  .comparativo-prd__marcador {\n    display: flex;\n    align-items: center;\n    justify-content: center;\n\n    width: 27px;\n    height: 27px;\n\n    margin-top: 1px;\n    border-radius: 9px;\n\n    font-size: 14px;\n    font-weight: 900;\n  }\n\n  .comparativo-prd__item--positivo .comparativo-prd__marcador {\n    color: var(--branco);\n    background: var(--azul);\n  }\n\n  .comparativo-prd__item--negativo .comparativo-prd__marcador {\n    color: var(--branco);\n    background: var(--vinho);\n  }\n\n  .comparativo-prd__item strong {\n    color: var(--azul-escuro);\n    font-weight: 800;\n  }\n\n  .comparativo-prd__aplicacao {\n    display: grid;\n    grid-template-columns: 38px minmax(0, 1fr);\n    gap: 12px;\n    align-items: center;\n\n    margin-top: auto;\n    padding: 20px 0 0;\n  }\n\n  .comparativo-prd__aplicacao-conteudo {\n    padding: 15px 16px;\n\n    color: var(--texto);\n    background: #f6f8f8;\n    border: 1px solid var(--borda);\n    border-radius: 14px;\n\n    font-size: 13px;\n    line-height: 1.55;\n  }\n\n  .comparativo-prd__aplicacao-conteudo strong {\n    display: block;\n    margin-bottom: 2px;\n    color: var(--azul-escuro);\n  }\n\n  .comparativo-prd__aplicacao-icone {\n    display: flex;\n    align-items: center;\n    justify-content: center;\n\n    width: 38px;\n    height: 38px;\n\n    color: var(--branco);\n    background: var(--azul-escuro);\n    border-radius: 12px;\n\n    font-size: 17px;\n    font-weight: 800;\n  }\n\n  .comparativo-prd__conclusao {\n    position: relative;\n    display: grid;\n    grid-template-columns: 64px minmax(0, 1fr);\n    gap: 20px;\n    align-items: center;\n\n    margin-top: 27px;\n    padding: 28px 30px;\n    overflow: hidden;\n\n    color: var(--branco);\n    background:\n      linear-gradient(\n        115deg,\n        var(--azul-escuro) 0%,\n        #315f69 100%\n      );\n    border-radius: 22px;\n    box-shadow: 0 20px 45px rgba(39, 76, 86, 0.18);\n  }\n\n  .comparativo-prd__conclusao::after {\n    content: \"\";\n    position: absolute;\n    top: -70px;\n    right: -70px;\n\n    width: 190px;\n    height: 190px;\n\n    background: rgba(255, 255, 255, 0.06);\n    border-radius: 50%;\n  }\n\n  .comparativo-prd__conclusao-icone {\n    position: relative;\n    z-index: 1;\n\n    display: flex;\n    align-items: center;\n    justify-content: center;\n\n    width: 64px;\n    height: 64px;\n\n    color: var(--branco);\n    background: var(--vermelho);\n    border-radius: 19px;\n    box-shadow: 0 12px 25px rgba(0, 0, 0, 0.16);\n  }\n\n  .comparativo-prd__conclusao-icone svg {\n    width: 31px;\n    height: 31px;\n    fill: none;\n    stroke: currentColor;\n    stroke-width: 2.2;\n    stroke-linecap: round;\n    stroke-linejoin: round;\n  }\n\n  .comparativo-prd__conclusao-conteudo {\n    position: relative;\n    z-index: 1;\n  }\n\n  .comparativo-prd__conclusao-titulo {\n    margin: 0 0 8px;\n\n    color: var(--branco);\n    font-size: 21px;\n    font-weight: 800;\n    line-height: 1.3;\n  }\n\n  .comparativo-prd__conclusao-texto {\n    max-width: 880px;\n    margin: 0;\n\n    color: rgba(255, 255, 255, 0.78);\n    font-size: 15px;\n    line-height: 1.7;\n  }\n\n  .comparativo-prd__conclusao-texto strong {\n    color: var(--branco);\n    font-weight: 800;\n  }\n\n  @media (max-width: 900px) {\n    .comparativo-prd {\n      padding: 44px 20px;\n      border-radius: 22px;\n    }\n\n    .comparativo-prd__cabecalho {\n      grid-template-columns: 1fr;\n      align-items: start;\n    }\n\n    .comparativo-prd__resumo {\n      width: 100%;\n      max-width: 330px;\n    }\n\n    .comparativo-prd__grade {\n      grid-template-columns: 1fr;\n    }\n  }\n\n  @media (max-width: 560px) {\n    .comparativo-prd {\n      padding: 34px 14px;\n      border-radius: 18px;\n    }\n\n    .comparativo-prd__titulo {\n      font-size: 32px;\n    }\n\n    .comparativo-prd__introducao {\n      font-size: 15px;\n    }\n\n    .comparativo-prd__card-corpo {\n      padding: 25px 18px;\n    }\n\n    .comparativo-prd__card-topo {\n      align-items: flex-start;\n      padding-right: 0;\n    }\n\n    .comparativo-prd__icone {\n      flex-basis: 50px;\n      width: 50px;\n      height: 50px;\n      border-radius: 15px;\n    }\n\n    .comparativo-prd__card-titulo {\n      font-size: 21px;\n    }\n\n    .comparativo-prd__selo-recomendado {\n      position: static;\n      align-self: flex-start;\n      width: max-content;\n      margin: -7px 0 20px;\n    }\n\n    .comparativo-prd__item {\n      padding: 11px;\n      font-size: 13px;\n    }\n\n    .comparativo-prd__conclusao {\n      grid-template-columns: 1fr;\n      padding: 23px 20px;\n    }\n\n    .comparativo-prd__conclusao-icone {\n      width: 55px;\n      height: 55px;\n    }\n  }\n<\/style>\n\n<section class=\"comparativo-prd\">\n  <header class=\"comparativo-prd__cabecalho\">\n    <div class=\"comparativo-prd__cabecalho-conteudo\">\n      <div class=\"comparativo-prd__etiqueta\">\n        <span class=\"comparativo-prd__etiqueta-ponto\"><\/span>\n        Comparativo de solu\u00e7\u00f5es\n      <\/div>\n\n      <h2 class=\"comparativo-prd__titulo\">\n        Porta r\u00e1pida <span>ou<\/span> porta deslizante?\n      <\/h2>\n\n      <p class=\"comparativo-prd__introducao\">\n        Embora ambas controlem a passagem entre ambientes, foram desenvolvidas\n        para necessidades diferentes. A escolha deve considerar o fluxo di\u00e1rio,\n        a velocidade de abertura, a veda\u00e7\u00e3o e o controle de contamina\u00e7\u00e3o.\n      <\/p>\n    <\/div>\n\n    <aside class=\"comparativo-prd__resumo\">\n      <span class=\"comparativo-prd__resumo-numero\">2<\/span>\n      <span class=\"comparativo-prd__resumo-texto\">\n        solu\u00e7\u00f5es com aplica\u00e7\u00f5es e n\u00edveis de desempenho diferentes.\n      <\/span>\n    <\/aside>\n  <\/header>\n\n  <div class=\"comparativo-prd__grade\">\n\n    <!-- PORTA DESLIZANTE -->\n    <article\n      class=\"comparativo-prd__card comparativo-prd__card--deslizante\"\n    >\n      <div class=\"comparativo-prd__faixa\"><\/div>\n\n      <div class=\"comparativo-prd__card-corpo\">\n        <div class=\"comparativo-prd__card-topo\">\n          <div class=\"comparativo-prd__icone\" aria-hidden=\"true\">\n            <svg viewBox=\"0 0 24 24\">\n              <path d=\"M8 5H4v14h4\"><\/path>\n              <path d=\"M16 5h4v14h-4\"><\/path>\n              <path d=\"M9 12h6\"><\/path>\n              <path d=\"m12 9 3 3-3 3\"><\/path>\n            <\/svg>\n          <\/div>\n\n          <div>\n            <h3 class=\"comparativo-prd__card-titulo\">\n              Porta deslizante\n            <\/h3>\n\n            <p class=\"comparativo-prd__card-descricao\">\n              Solu\u00e7\u00e3o b\u00e1sica para passagens com baixa frequ\u00eancia de abertura.\n            <\/p>\n          <\/div>\n        <\/div>\n\n        <div class=\"comparativo-prd__bloco\">\n          <h4\n            class=\"comparativo-prd__subtitulo comparativo-prd__subtitulo--positivo\"\n          >\n            <span class=\"comparativo-prd__subtitulo-icone\">+<\/span>\n            Pontos positivos\n          <\/h4>\n\n          <ul class=\"comparativo-prd__lista\">\n            <li\n              class=\"comparativo-prd__item comparativo-prd__item--positivo\"\n            >\n              <span class=\"comparativo-prd__marcador\">\u2713<\/span>\n\n              <span>\n                Pode atender passagens internas com\n                <strong>poucos acionamentos<\/strong> ao longo do dia.\n              <\/span>\n            <\/li>\n\n            <li\n              class=\"comparativo-prd__item comparativo-prd__item--positivo\"\n            >\n              <span class=\"comparativo-prd__marcador\">\u2713<\/span>\n\n              <span>\n                \u00c9 suficiente em opera\u00e7\u00f5es que n\u00e3o exigem\n                <strong>abertura r\u00e1pida<\/strong> ou controle rigoroso do ambiente.\n              <\/span>\n            <\/li>\n          <\/ul>\n        <\/div>\n\n        <div class=\"comparativo-prd__bloco\">\n          <h4\n            class=\"comparativo-prd__subtitulo comparativo-prd__subtitulo--negativo\"\n          >\n            <span class=\"comparativo-prd__subtitulo-icone\">\u2212<\/span>\n            Limita\u00e7\u00f5es\n          <\/h4>\n\n          <ul class=\"comparativo-prd__lista\">\n            <li\n              class=\"comparativo-prd__item comparativo-prd__item--negativo\"\n            >\n              <span class=\"comparativo-prd__marcador\">!<\/span>\n\n              <span>\n                A abertura mais lenta pode dificultar a circula\u00e7\u00e3o de pessoas,\n                carrinhos e mercadorias em \u00e1reas de alto fluxo.\n              <\/span>\n            <\/li>\n\n            <li\n              class=\"comparativo-prd__item comparativo-prd__item--negativo\"\n            >\n              <span class=\"comparativo-prd__marcador\">!<\/span>\n\n              <span>\n                N\u00e3o \u00e9 projetada para suportar uma\n                <strong>quantidade elevada de ciclos<\/strong> durante o dia.\n              <\/span>\n            <\/li>\n\n            <li\n              class=\"comparativo-prd__item comparativo-prd__item--negativo\"\n            >\n              <span class=\"comparativo-prd__marcador\">!<\/span>\n\n              <span>\n                N\u00e3o oferece necessariamente um acabamento mais moderno ou\n                atrativo para ambientes comerciais e industriais.\n              <\/span>\n            <\/li>\n\n            <li\n              class=\"comparativo-prd__item comparativo-prd__item--negativo\"\n            >\n              <span class=\"comparativo-prd__marcador\">!<\/span>\n\n              <span>\n                Por permanecer aberta por mais tempo, facilita a entrada de\n                <strong>poeira, insetos, part\u00edculas e contaminantes<\/strong>.\n              <\/span>\n            <\/li>\n\n            <li\n              class=\"comparativo-prd__item comparativo-prd__item--negativo\"\n            >\n              <span class=\"comparativo-prd__marcador\">!<\/span>\n\n              <span>\n                O maior tempo de abertura aumenta a\n                <strong>troca de temperaturas<\/strong> entre os ambientes.\n              <\/span>\n            <\/li>\n\n            <li\n              class=\"comparativo-prd__item comparativo-prd__item--negativo\"\n            >\n              <span class=\"comparativo-prd__marcador\">!<\/span>\n\n              <span>\n                Apresenta menor efici\u00eancia em locais refrigerados, climatizados\n                ou sujeitos a controle sanit\u00e1rio.\n              <\/span>\n            <\/li>\n          <\/ul>\n        <\/div>\n\n        <div class=\"comparativo-prd__aplicacao\">\n          <div class=\"comparativo-prd__aplicacao-icone\">01<\/div>\n\n          <div class=\"comparativo-prd__aplicacao-conteudo\">\n            <strong>Aplica\u00e7\u00e3o indicada<\/strong>\n            Passagens de baixo fluxo, sem exig\u00eancia de rapidez, isolamento\n            t\u00e9rmico ou controle de contaminantes.\n          <\/div>\n        <\/div>\n      <\/div>\n    <\/article>\n\n    <!-- PORTA R\u00c1PIDA -->\n    <article\n      class=\"comparativo-prd__card comparativo-prd__card--rapida\"\n    >\n      <div class=\"comparativo-prd__faixa\"><\/div>\n\n      <div class=\"comparativo-prd__card-corpo\">\n        <div class=\"comparativo-prd__selo-recomendado\">\n          Melhor desempenho\n        <\/div>\n\n        <div class=\"comparativo-prd__card-topo\">\n          <div class=\"comparativo-prd__icone\" aria-hidden=\"true\">\n            <svg viewBox=\"0 0 24 24\">\n              <path d=\"M13 2 5 14h6l-1 8 8-12h-6l1-8Z\"><\/path>\n            <\/svg>\n          <\/div>\n\n          <div>\n            <h3 class=\"comparativo-prd__card-titulo\">\n              Porta r\u00e1pida\n            <\/h3>\n\n            <p class=\"comparativo-prd__card-descricao\">\n              Desenvolvida para alto tr\u00e1fego e ambientes controlados.\n            <\/p>\n          <\/div>\n        <\/div>\n\n        <div class=\"comparativo-prd__bloco\">\n          <h4\n            class=\"comparativo-prd__subtitulo comparativo-prd__subtitulo--positivo\"\n          >\n            <span class=\"comparativo-prd__subtitulo-icone\">+<\/span>\n            Pontos positivos\n          <\/h4>\n\n          <ul class=\"comparativo-prd__lista\">\n            <li\n              class=\"comparativo-prd__item comparativo-prd__item--positivo\"\n            >\n              <span class=\"comparativo-prd__marcador\">\u2713<\/span>\n\n              <span>\n                Suporta um n\u00famero muito maior de\n                <strong>ciclos de abertura e fechamento<\/strong>.\n              <\/span>\n            <\/li>\n\n            <li\n              class=\"comparativo-prd__item comparativo-prd__item--positivo\"\n            >\n              <span class=\"comparativo-prd__marcador\">\u2713<\/span>\n\n              <span>\n                Agiliza a circula\u00e7\u00e3o entre estoques, lojas, \u00e1reas de produ\u00e7\u00e3o\n                e ambientes refrigerados.\n              <\/span>\n            <\/li>\n\n            <li\n              class=\"comparativo-prd__item comparativo-prd__item--positivo\"\n            >\n              <span class=\"comparativo-prd__marcador\">\u2713<\/span>\n\n              <span>\n                Reduz o tempo em que o acesso permanece aberto durante cada\n                passagem.\n              <\/span>\n            <\/li>\n\n            <li\n              class=\"comparativo-prd__item comparativo-prd__item--positivo\"\n            >\n              <span class=\"comparativo-prd__marcador\">\u2713<\/span>\n\n              <span>\n                Ajuda a limitar a entrada de\n                <strong>poeira, insetos e agentes contaminantes<\/strong>.\n              <\/span>\n            <\/li>\n\n            <li\n              class=\"comparativo-prd__item comparativo-prd__item--positivo\"\n            >\n              <span class=\"comparativo-prd__marcador\">\u2713<\/span>\n\n              <span>\n                Sua lona em PVC e o fechamento mais justo favorecem uma\n                <strong>veda\u00e7\u00e3o t\u00e9rmica mais eficiente<\/strong>.\n              <\/span>\n            <\/li>\n\n            <li\n              class=\"comparativo-prd__item comparativo-prd__item--positivo\"\n            >\n              <span class=\"comparativo-prd__marcador\">\u2713<\/span>\n\n              <span>\n                Ajuda a preservar produtos perec\u00edveis e a reduzir perdas de\n                temperatura em c\u00e2maras frias.\n              <\/span>\n            <\/li>\n\n            <li\n              class=\"comparativo-prd__item comparativo-prd__item--positivo\"\n            >\n              <span class=\"comparativo-prd__marcador\">\u2713<\/span>\n\n              <span>\n                Reduz interrup\u00e7\u00f5es no trabalho e torna o fluxo operacional\n                mais cont\u00ednuo.\n              <\/span>\n            <\/li>\n          <\/ul>\n        <\/div>\n\n        <div class=\"comparativo-prd__bloco\">\n          <h4\n            class=\"comparativo-prd__subtitulo comparativo-prd__subtitulo--negativo\"\n          >\n            <span class=\"comparativo-prd__subtitulo-icone\">!<\/span>\n            Pontos de aten\u00e7\u00e3o\n          <\/h4>\n\n          <ul class=\"comparativo-prd__lista\">\n            <li\n              class=\"comparativo-prd__item comparativo-prd__item--negativo\"\n            >\n              <span class=\"comparativo-prd__marcador\">!<\/span>\n\n              <span>\n                Deve ser especificada corretamente de acordo com o v\u00e3o, o fluxo\n                di\u00e1rio e as condi\u00e7\u00f5es do ambiente.\n              <\/span>\n            <\/li>\n\n            <li\n              class=\"comparativo-prd__item comparativo-prd__item--negativo\"\n            >\n              <span class=\"comparativo-prd__marcador\">!<\/span>\n\n              <span>\n                Em acessos com movimenta\u00e7\u00e3o muito baixa, sua capacidade pode\n                ser superior \u00e0 necessidade da opera\u00e7\u00e3o.\n              <\/span>\n            <\/li>\n          <\/ul>\n        <\/div>\n\n        <div class=\"comparativo-prd__aplicacao\">\n          <div class=\"comparativo-prd__aplicacao-icone\">02<\/div>\n\n          <div class=\"comparativo-prd__aplicacao-conteudo\">\n            <strong>Aplica\u00e7\u00e3o indicada<\/strong>\n            Estoques, supermercados, ind\u00fastrias, c\u00e2maras frias e \u00e1reas com\n            circula\u00e7\u00e3o intensa.\n          <\/div>\n        <\/div>\n      <\/div>\n    <\/article>\n\n  <\/div>\n\n  <div class=\"comparativo-prd__conclusao\">\n    <div class=\"comparativo-prd__conclusao-icone\" aria-hidden=\"true\">\n      <svg viewBox=\"0 0 24 24\">\n        <path d=\"m5 12 4 4L19 6\"><\/path>\n      <\/svg>\n    <\/div>\n\n    <div class=\"comparativo-prd__conclusao-conteudo\">\n      <h3 class=\"comparativo-prd__conclusao-titulo\">\n        Qual solu\u00e7\u00e3o oferece o melhor resultado?\n      <\/h3>\n\n      <p class=\"comparativo-prd__conclusao-texto\">\n        A porta deslizante pode atender passagens internas com pouca\n        movimenta\u00e7\u00e3o. Entretanto, quando o objetivo \u00e9 suportar um\n        <strong>fluxo intenso<\/strong>, reduzir a entrada de\n        <strong>contaminantes<\/strong>, proteger a\n        <strong>cadeia de frio<\/strong> e diminuir a troca de temperaturas, a\n        <strong>porta r\u00e1pida<\/strong> oferece uma solu\u00e7\u00e3o mais eficiente,\n        segura e consistente.\n      <\/p>\n    <\/div>\n  <\/div>\n<\/section>\n\n\n\n<h2 class=\"wp-block-heading\"><strong>Como a porta r\u00e1pida no auxilia na produtividade e na qualidade da mercadoria?<\/strong><\/h2>\n\n\n\n<p class=\"wp-block-paragraph\">A porta r\u00e1pida no supermercado une dois objetivos que, \u00e0 primeira vista, parecem estar em rotas opostas: acelerar o trabalho da equipe e, ao mesmo tempo, proteger a mercadoria com mais rigor.<\/p>\n\n\n\n<p class=\"wp-block-paragraph\">Isso acontece porque a agilidade na abertura e no fechamento reduz o tempo em que o ambiente fica exposto a fatores externos, como varia\u00e7\u00e3o de temperatura, poeira ou umidade. Menos tempo de exposi\u00e7\u00e3o significa menos risco de perda de qualidade em produtos sens\u00edveis, como frios, latic\u00ednios e congelados.<\/p>\n\n\n\n<p class=\"wp-block-paragraph\">Ao mesmo tempo, como a opera\u00e7\u00e3o n\u00e3o depende de for\u00e7a manual, os colaboradores conseguem manter um ritmo de reposi\u00e7\u00e3o mais constante ao longo do turno, sem o desgaste f\u00edsico que vem de abrir e fechar portas pesadas repetidas vezes por dia.<\/p>\n\n\n\n<p class=\"wp-block-paragraph\">Se a sua opera\u00e7\u00e3o enfrenta picos de demanda em datas comemorativas, lida com produtos perec\u00edveis que exigem controle de temperatura, ou simplesmente busca reduzir o retrabalho causado por portas manuais, chegou o momento de entender qual modelo de porta r\u00e1pida se encaixa melhor na estrutura do seu supermercado.<\/p>\n\n\n\n<h3 class=\"wp-block-heading\"><strong>Onde encontrar as melhores solu\u00e7\u00f5es para portas r\u00e1pidas?<\/strong><\/h3>\n\n\n\n<p class=\"wp-block-paragraph\">Voc\u00ea encontra na Original Portas, a maior e melhor empresa de portas autom\u00e1ticas da Am\u00e9rica Latina, onde possui o compromisso e a responsabilidade de entregar produtos de alta qualidade, como porta r\u00e1pida, e prestar servi\u00e7os de excel\u00eancia.<\/p>\n\n\n\n<p class=\"wp-block-paragraph\">A Original segue os seguintes crit\u00e9rios para ser a sua escolha #1:<\/p>\n\n\n\n<ul class=\"wp-block-list\">\n<li>Custo e benef\u00edcio;<\/li>\n\n\n\n<li>Valor agregado;<\/li>\n\n\n\n<li>Seguran\u00e7a;<\/li>\n\n\n\n<li>Durabilidade;<\/li>\n\n\n\n<li>Praticidade;<\/li>\n\n\n\n<li>Qualidade;<\/li>\n\n\n\n<li>Ergonomia.<\/li>\n<\/ul>\n\n\n\n<p class=\"wp-block-paragraph\">Como pode notar, n\u00f3s da Original nos preocupamos com as suas dores e tratamos de melhorar constantemente para trazer solu\u00e7\u00f5es de alto n\u00edvel a fim de sanar as suas d\u00favidas e n\u00e3o ter mais preju\u00edzos para a sua situa\u00e7\u00e3o financeira.<\/p>\n\n\n\n<p class=\"wp-block-paragraph\">Por isso, as portas r\u00e1pidas nos supermercados t\u00eam como objetivo, como visto durante o artigo, em trazer melhorias para a sua vida profissional a fim de evitar qualquer preju\u00edzo para o seu bolso.<\/p>\n\n\n\n<p class=\"wp-block-paragraph\">Pensou em portas? Pensou em Original Portas!<\/p>\n\n\n\n<h4 class=\"wp-block-heading\"><strong>Garanta a melhor porta r\u00e1pida no supermercado para fornecer os melhores recursos para colaboradores e clientes<\/strong><\/h4>\n\n\n\n<p class=\"wp-block-paragraph\">A porta r\u00e1pida no supermercado Original Portas \u00e9 uma solu\u00e7\u00e3o vantajosa para trazer para o seu neg\u00f3cio: inova\u00e7\u00e3o. Com o aumento da produtividade, a experi\u00eancia de compra do consumidor ser\u00e1 o destaque e o crescimento que o supermercado conquistar\u00e1 no ramo \u00e9 a cereja do bolo.<\/p>\n\n\n\n<p class=\"wp-block-paragraph\">Voc\u00ea encontra solu\u00e7\u00f5es para os seus problemas com a melhor porta r\u00e1pida no supermercado na Original Portas, onde a matriz est\u00e1 localizada em Guarulhos, S\u00e3o Paulo, mas temos v\u00e1rias filiais espalhadas em solo brasileiro e a nossa franquia,&nbsp;<a href=\"http:\/\/brasilportasautomaticas.com.br\/\" target=\"_blank\" rel=\"noreferrer noopener\">Brasil Portas<\/a>, est\u00e1 estabelecida no Nordeste.<\/p>\n\n\n\n<p class=\"wp-block-paragraph\">Atendemos para todo o Brasil e pa\u00edses vizinhos, pois o nosso foco \u00e9 sempre levar qualidade, seguran\u00e7a e conforto diretamente para o seu im\u00f3vel.<\/p>\n\n\n\n<p class=\"wp-block-paragraph\">Garanta em at\u00e9 10x no cart\u00e3o de cr\u00e9dito com 1 ano de garantia, tendo o melhor custo e benef\u00edcio para n\u00e3o apertar as suas finan\u00e7as e caber no seu or\u00e7amento.<\/p>\n\n\n\n<p class=\"wp-block-paragraph\"><a href=\"https:\/\/www.originalportas.com.br\/contato\/\">Entre em contato<\/a>&nbsp;com um dos nossos especialistas para resolver as suas pend\u00eancias e encomendar o que voc\u00ea precisa com a porta r\u00e1pida.<\/p>\n\n\n\n<p class=\"wp-block-paragraph\"><strong>Venha ser Original Portas, onde a nossa parceria \u00e9 de satisfa\u00e7\u00e3o rumo ao sucesso!<\/strong><\/p>\n\n\n\n<figure class=\"wp-block-gallery has-nested-images columns-default is-cropped wp-block-gallery-1 is-layout-flex wp-block-gallery-is-layout-flex\">\n<figure class=\"wp-block-image size-large\"><img fetchpriority=\"high\" decoding=\"async\" width=\"899\" height=\"899\" data-id=\"16053\" src=\"https:\/\/originalportas.com.br\/blog\/wp-content\/uploads\/2025\/08\/porta-industrial-rapida-3.webp\" alt=\"porta industrial rapida\" class=\"wp-image-16053\" srcset=\"https:\/\/originalportas.com.br\/blog\/wp-content\/uploads\/2025\/08\/porta-industrial-rapida-3.webp 899w, https:\/\/originalportas.com.br\/blog\/wp-content\/uploads\/2025\/08\/porta-industrial-rapida-3-300x300.webp 300w, https:\/\/originalportas.com.br\/blog\/wp-content\/uploads\/2025\/08\/porta-industrial-rapida-3-150x150.webp 150w, https:\/\/originalportas.com.br\/blog\/wp-content\/uploads\/2025\/08\/porta-industrial-rapida-3-768x768.webp 768w, https:\/\/originalportas.com.br\/blog\/wp-content\/uploads\/2025\/08\/porta-industrial-rapida-3-60x60.webp 60w, https:\/\/originalportas.com.br\/blog\/wp-content\/uploads\/2025\/08\/porta-industrial-rapida-3-360x360.webp 360w\" sizes=\"(max-width: 899px) 100vw, 899px\" \/><\/figure>\n\n\n\n<figure class=\"wp-block-image size-large\"><img decoding=\"async\" width=\"834\" height=\"834\" data-id=\"16054\" src=\"https:\/\/originalportas.com.br\/blog\/wp-content\/uploads\/2025\/08\/porta-industrial-rapida-1.webp\" alt=\"\" class=\"wp-image-16054\" srcset=\"https:\/\/originalportas.com.br\/blog\/wp-content\/uploads\/2025\/08\/porta-industrial-rapida-1.webp 834w, https:\/\/originalportas.com.br\/blog\/wp-content\/uploads\/2025\/08\/porta-industrial-rapida-1-300x300.webp 300w, https:\/\/originalportas.com.br\/blog\/wp-content\/uploads\/2025\/08\/porta-industrial-rapida-1-150x150.webp 150w, https:\/\/originalportas.com.br\/blog\/wp-content\/uploads\/2025\/08\/porta-industrial-rapida-1-768x768.webp 768w, https:\/\/originalportas.com.br\/blog\/wp-content\/uploads\/2025\/08\/porta-industrial-rapida-1-60x60.webp 60w, https:\/\/originalportas.com.br\/blog\/wp-content\/uploads\/2025\/08\/porta-industrial-rapida-1-360x360.webp 360w\" sizes=\"(max-width: 834px) 100vw, 834px\" \/><\/figure>\n\n\n\n<figure class=\"wp-block-image size-large\"><img decoding=\"async\" width=\"702\" height=\"702\" data-id=\"16055\" src=\"https:\/\/originalportas.com.br\/blog\/wp-content\/uploads\/2025\/08\/porta-industrial-rapida-2.webp\" alt=\"\" class=\"wp-image-16055\" srcset=\"https:\/\/originalportas.com.br\/blog\/wp-content\/uploads\/2025\/08\/porta-industrial-rapida-2.webp 702w, https:\/\/originalportas.com.br\/blog\/wp-content\/uploads\/2025\/08\/porta-industrial-rapida-2-300x300.webp 300w, https:\/\/originalportas.com.br\/blog\/wp-content\/uploads\/2025\/08\/porta-industrial-rapida-2-150x150.webp 150w, https:\/\/originalportas.com.br\/blog\/wp-content\/uploads\/2025\/08\/porta-industrial-rapida-2-60x60.webp 60w, https:\/\/originalportas.com.br\/blog\/wp-content\/uploads\/2025\/08\/porta-industrial-rapida-2-360x360.webp 360w\" sizes=\"(max-width: 702px) 100vw, 702px\" \/><\/figure>\n<\/figure>\n\n\n<div class=\"bp-qr-wrap\" style=\"max-width:560px;margin:32px auto;text-align:center;\">\n  <a href=\"https:\/\/www.instagram.com\/originalportas\/\" target=\"_blank\" rel=\"noopener noreferrer\" style=\"display:inline-block;text-decoration:none;\"><br \/>\n    <img\n      src=\"https:\/\/originalportas.com.br\/blog\/wp-content\/uploads\/2025\/10\/originalportas_qr-scaled.png\n\"\n      alt=\"QR Code do Instagram @originalportas\"\n      style=\"display:block;margin:0 auto;max-width:75%;height:auto;border-radius:18px;box-sizing:border-box;\"\n      loading=\"lazy\" decoding=\"async\"><br \/>\n  <\/a><\/p>\n<div style=\"text-align:center; margin: 18px 0 0;\">\n    <a href=\"https:\/\/www.instagram.com\/originalportas\" target=\"_blank\" rel=\"noopener noreferrer\" style=\"text-decoration:none;\"><\/p>\n<p style=\"font-family:Arial, sans-serif; font-size:18px; color:#E1306C; font-weight:bold; margin:0;\">\n        @originalportas\n      <\/p>\n<p>      <small style=\"font-family:Arial, sans-serif; color:#666;\"><br \/>\n        Clique para abrir o perfil no Instagram<br \/>\n      <\/small><br \/>\n    <\/a>\n  <\/div>\n<\/div>\n","protected":false},"excerpt":{"rendered":"<p>Quem j\u00e1 passou por um supermercado na v\u00e9spera de Natal ou durante a Black Friday sabe: os corredores ficam cheios, o estoque esvazia r\u00e1pido e a equipe corre de um lado para o outro tentando repor as prateleiras antes que faltem os produtos mais procurados. Nesse ritmo, cada detalhe da opera\u00e7\u00e3o conta. E \u00e9 a\u00ed [&hellip;]<\/p>\n","protected":false},"author":1,"featured_media":16056,"comment_status":"open","ping_status":"open","sticky":false,"template":"","format":"standard","meta":{"footnotes":""},"categories":[9],"tags":[4,5,14,10],"class_list":["post-7328","post","type-post","status-publish","format-standard","has-post-thumbnail","hentry","category-porta-rapida","tag-original","tag-original_portas","tag-original-portas-automaticas","tag-porta-rapida"],"_links":{"self":[{"href":"https:\/\/originalportas.com.br\/blog\/wp-json\/wp\/v2\/posts\/7328","targetHints":{"allow":["GET"]}}],"collection":[{"href":"https:\/\/originalportas.com.br\/blog\/wp-json\/wp\/v2\/posts"}],"about":[{"href":"https:\/\/originalportas.com.br\/blog\/wp-json\/wp\/v2\/types\/post"}],"author":[{"embeddable":true,"href":"https:\/\/originalportas.com.br\/blog\/wp-json\/wp\/v2\/users\/1"}],"replies":[{"embeddable":true,"href":"https:\/\/originalportas.com.br\/blog\/wp-json\/wp\/v2\/comments?post=7328"}],"version-history":[{"count":4,"href":"https:\/\/originalportas.com.br\/blog\/wp-json\/wp\/v2\/posts\/7328\/revisions"}],"predecessor-version":[{"id":17110,"href":"https:\/\/originalportas.com.br\/blog\/wp-json\/wp\/v2\/posts\/7328\/revisions\/17110"}],"wp:featuredmedia":[{"embeddable":true,"href":"https:\/\/originalportas.com.br\/blog\/wp-json\/wp\/v2\/media\/16056"}],"wp:attachment":[{"href":"https:\/\/originalportas.com.br\/blog\/wp-json\/wp\/v2\/media?parent=7328"}],"wp:term":[{"taxonomy":"category","embeddable":true,"href":"https:\/\/originalportas.com.br\/blog\/wp-json\/wp\/v2\/categories?post=7328"},{"taxonomy":"post_tag","embeddable":true,"href":"https:\/\/originalportas.com.br\/blog\/wp-json\/wp\/v2\/tags?post=7328"}],"curies":[{"name":"wp","href":"https:\/\/api.w.org\/{rel}","templated":true}]}}