{"id":7361,"date":"2026-04-17T16:00:00","date_gmt":"2026-04-17T16:00:00","guid":{"rendered":"https:\/\/originalportasbrasil.com.br\/?p=7361"},"modified":"2026-04-17T19:02:43","modified_gmt":"2026-04-17T19:02:43","slug":"porta-seccionada-residencial-rj","status":"publish","type":"post","link":"https:\/\/originalportas.com.br\/blog\/porta-seccionada-residencial-rj\/","title":{"rendered":"Porta seccionada residencial RJ faz diferen\u00e7a no seu lar?"},"content":{"rendered":"\n<p>Se voc\u00ea est\u00e1 buscando mais seguran\u00e7a, conforto e valoriza\u00e7\u00e3o est\u00e9tica para o seu im\u00f3vel, a porta seccionada residencial RJ n\u00e3o \u00e9 apenas uma escolha, \u00e9 uma decis\u00e3o estrat\u00e9gica.<\/p>\n\n\n\n<p>Muito al\u00e9m de um simples fechamento de garagem, esse tipo de porta transforma a experi\u00eancia dentro e fora da sua casa. Ela impacta diretamente na rotina, na prote\u00e7\u00e3o da sua fam\u00edlia e at\u00e9 na percep\u00e7\u00e3o de valor do seu im\u00f3vel.<\/p>\n\n\n\n<p>E quando falamos em investimento inteligente, n\u00e3o se trata apenas de custo inicial, mas de tudo o que voc\u00ea evita perder ao longo do tempo.<\/p>\n\n\n\n<p>\u00c9 nesse ponto que a porta seccionada residencial RJ come\u00e7a a se destacar.q3<\/p>\n\n\n\n<p>O objetivo \u00e9 simples: levar tecnologia, seguran\u00e7a e acabamento premium diretamente para o seu lar, independentemente da sua localiza\u00e7\u00e3o.<\/p>\n\n\n\n<style>\n  :root {\n    --c1: #b51b1c;\n    --c2: #1d7991;\n    --c3: #6a231c;\n    --c4: #274c56;\n    --c5: #447c94;\n  }\n  .ps-wrap { font-family: sans-serif; padding: 0 0 2rem; max-width: 860px; margin: 0 auto; }\n  .ps-hero { background: var(--c4); border-radius: 12px; padding: 2rem 2rem 1.5rem; margin-bottom: 1.5rem; color: #fff; }\n  .ps-hero h2 { margin: 0 0 .5rem; font-size: 22px; font-weight: 500; color: #fff; }\n  .ps-hero p { margin: 0; font-size: 15px; line-height: 1.7; color: rgba(255,255,255,0.82); }\n  .ps-grid { display: grid; grid-template-columns: repeat(auto-fit, minmax(220px, 1fr)); gap: 14px; margin-bottom: 1.5rem; }\n  .ps-card { background: #fff; border-radius: 12px; border: 0.5px solid #e0e0e0; padding: 1.25rem 1.25rem 1rem; display: flex; flex-direction: column; gap: 8px; }\n  .ps-icon { width: 40px; height: 40px; border-radius: 10px; display: flex; align-items: center; justify-content: center; }\n  .ps-card-title { font-size: 15px; font-weight: 500; color: #1a1a1a; margin: 0; }\n  .ps-card-desc { font-size: 13px; line-height: 1.65; color: #555; margin: 0; }\n  .ps-badge { display: inline-block; font-size: 11px; padding: 2px 9px; border-radius: 20px; font-weight: 500; margin-bottom: 4px; }\n  .ps-compare { display: grid; grid-template-columns: 1fr 1fr; gap: 14px; margin-bottom: 1.5rem; }\n  .ps-compare-card { border-radius: 12px; padding: 1.25rem; }\n  .ps-compare-card h3 { font-size: 14px; font-weight: 500; margin: 0 0 12px; }\n  .ps-compare-card ul { margin: 0; padding: 0 0 0 1.1rem; }\n  .ps-compare-card li { font-size: 13px; line-height: 1.7; }\n  .ps-bar-block { background: #fff; border-radius: 12px; border: 0.5px solid #e0e0e0; padding: 1.25rem; margin-bottom: 1.5rem; }\n  .ps-bar-block h3 { font-size: 15px; font-weight: 500; color: #1a1a1a; margin: 0 0 1rem; }\n  .ps-bar-row { display: flex; align-items: center; gap: 10px; margin-bottom: 10px; }\n  .ps-bar-label { font-size: 13px; color: #555; min-width: 130px; }\n  .ps-bar-track { flex: 1; background: #f0f0f0; border-radius: 4px; height: 10px; overflow: hidden; }\n  .ps-bar-fill { height: 100%; border-radius: 4px; }\n  .ps-bar-pct { font-size: 12px; font-weight: 500; min-width: 32px; text-align: right; }\n  .ps-cta { background: #b51b1c; border-radius: 12px; padding: 1.5rem 2rem; display: flex; align-items: center; justify-content: space-between; gap: 1rem; flex-wrap: wrap; }\n  .ps-cta p { margin: 0; color: rgba(255,255,255,0.9); font-size: 15px; line-height: 1.6; flex: 1; }\n  .ps-cta a { background: #fff; color: #b51b1c; border-radius: 8px; padding: 10px 22px; font-size: 14px; font-weight: 500; text-decoration: none; white-space: nowrap; }\n  @media (max-width: 520px) {\n    .ps-compare { grid-template-columns: 1fr; }\n    .ps-bar-label { min-width: 100px; }\n  }\n<\/style>\n\n<div class=\"ps-wrap\">\n\n  <div class=\"ps-hero\">\n    <h2>Por que escolher uma porta seccionada residencial?<\/h2>\n    <p>Uma \u00fanica solu\u00e7\u00e3o que combina seguran\u00e7a, conforto, est\u00e9tica e valoriza\u00e7\u00e3o do im\u00f3vel \u2014 tudo ao mesmo tempo.<\/p>\n  <\/div>\n\n  <div class=\"ps-grid\">\n    <div class=\"ps-card\">\n      <div class=\"ps-icon\" style=\"background:#fce8e8;\">\n        <svg width=\"20\" height=\"20\" viewBox=\"0 0 24 24\" fill=\"none\" stroke=\"#b51b1c\" stroke-width=\"2\" stroke-linecap=\"round\" stroke-linejoin=\"round\"><rect x=\"3\" y=\"11\" width=\"18\" height=\"11\" rx=\"2\"\/><path d=\"M7 11V7a5 5 0 0 1 10 0v4\"\/><\/svg>\n      <\/div>\n      <span class=\"ps-badge\" style=\"background:#fce8e8; color:#6a231c;\">Prote\u00e7\u00e3o<\/span>\n      <p class=\"ps-card-title\">Alta resist\u00eancia a invas\u00f5es<\/p>\n      <p class=\"ps-card-desc\">Material refor\u00e7ado cria barreira s\u00f3lida. Sistema antiqueda previne acidentes e aumenta seguran\u00e7a ativa.<\/p>\n    <\/div>\n    <div class=\"ps-card\">\n      <div class=\"ps-icon\" style=\"background:#e3f3f7;\">\n        <svg width=\"20\" height=\"20\" viewBox=\"0 0 24 24\" fill=\"none\" stroke=\"#1d7991\" stroke-width=\"2\" stroke-linecap=\"round\" stroke-linejoin=\"round\"><path d=\"M3 9l9-7 9 7v11a2 2 0 0 1-2 2H5a2 2 0 0 1-2-2z\"\/><polyline points=\"9 22 9 12 15 12 15 22\"\/><\/svg>\n      <\/div>\n      <span class=\"ps-badge\" style=\"background:#e3f3f7; color:#274c56;\">Conforto<\/span>\n      <p class=\"ps-card-title\">Isolamento ac\u00fastico e t\u00e9rmico<\/p>\n      <p class=\"ps-card-desc\">Reduz ru\u00eddos externos e estabiliza a temperatura interna, melhorando a qualidade de vida.<\/p>\n    <\/div>\n    <div class=\"ps-card\">\n      <div class=\"ps-icon\" style=\"background:#ddf0f5;\">\n        <svg width=\"20\" height=\"20\" viewBox=\"0 0 24 24\" fill=\"none\" stroke=\"#447c94\" stroke-width=\"2\" stroke-linecap=\"round\" stroke-linejoin=\"round\"><polygon points=\"12 2 15.09 8.26 22 9.27 17 14.14 18.18 21.02 12 17.77 5.82 21.02 7 14.14 2 9.27 8.91 8.26 12 2\"\/><\/svg>\n      <\/div>\n      <span class=\"ps-badge\" style=\"background:#ddf0f5; color:#274c56;\">Est\u00e9tica<\/span>\n      <p class=\"ps-card-title\">Fachada moderna e sofisticada<\/p>\n      <p class=\"ps-card-desc\">Design alinhado a padr\u00f5es internacionais. Pintura eletrost\u00e1tica com cura a 200\u00b0C para durabilidade superior.<\/p>\n    <\/div>\n    <div class=\"ps-card\">\n      <div class=\"ps-icon\" style=\"background:#fce8e8;\">\n        <svg width=\"20\" height=\"20\" viewBox=\"0 0 24 24\" fill=\"none\" stroke=\"#6a231c\" stroke-width=\"2\" stroke-linecap=\"round\" stroke-linejoin=\"round\"><line x1=\"12\" y1=\"1\" x2=\"12\" y2=\"23\"\/><path d=\"M17 5H9.5a3.5 3.5 0 0 0 0 7h5a3.5 3.5 0 0 1 0 7H6\"\/><\/svg>\n      <\/div>\n      <span class=\"ps-badge\" style=\"background:#fce8e8; color:#6a231c;\">Valoriza\u00e7\u00e3o<\/span>\n      <p class=\"ps-card-title\">Retorno garantido no im\u00f3vel<\/p>\n      <p class=\"ps-card-desc\">Agrega valor na percep\u00e7\u00e3o de modernidade e alto padr\u00e3o \u2014 decisivo em venda ou loca\u00e7\u00e3o.<\/p>\n    <\/div>\n  <\/div>\n\n  <div class=\"ps-bar-block\">\n    <h3>Vantagens comparativas em rela\u00e7\u00e3o a portas convencionais<\/h3>\n    <div class=\"ps-bar-row\">\n      <span class=\"ps-bar-label\">Seguran\u00e7a<\/span>\n      <div class=\"ps-bar-track\"><div class=\"ps-bar-fill\" style=\"width:92%; background:#b51b1c;\"><\/div><\/div>\n      <span class=\"ps-bar-pct\" style=\"color:#b51b1c;\">92%<\/span>\n    <\/div>\n    <div class=\"ps-bar-row\">\n      <span class=\"ps-bar-label\">Isolamento ac\u00fastico<\/span>\n      <div class=\"ps-bar-track\"><div class=\"ps-bar-fill\" style=\"width:85%; background:#1d7991;\"><\/div><\/div>\n      <span class=\"ps-bar-pct\" style=\"color:#1d7991;\">85%<\/span>\n    <\/div>\n    <div class=\"ps-bar-row\">\n      <span class=\"ps-bar-label\">Durabilidade<\/span>\n      <div class=\"ps-bar-track\"><div class=\"ps-bar-fill\" style=\"width:90%; background:#447c94;\"><\/div><\/div>\n      <span class=\"ps-bar-pct\" style=\"color:#447c94;\">90%<\/span>\n    <\/div>\n    <div class=\"ps-bar-row\">\n      <span class=\"ps-bar-label\">Aproveit. de espa\u00e7o<\/span>\n      <div class=\"ps-bar-track\"><div class=\"ps-bar-fill\" style=\"width:95%; background:#274c56;\"><\/div><\/div>\n      <span class=\"ps-bar-pct\" style=\"color:#274c56;\">95%<\/span>\n    <\/div>\n    <div class=\"ps-bar-row\" style=\"margin-bottom:0;\">\n      <span class=\"ps-bar-label\">Valoriza\u00e7\u00e3o est\u00e9tica<\/span>\n      <div class=\"ps-bar-track\"><div class=\"ps-bar-fill\" style=\"width:88%; background:#6a231c;\"><\/div><\/div>\n      <span class=\"ps-bar-pct\" style=\"color:#6a231c;\">88%<\/span>\n    <\/div>\n  <\/div>\n\n  <div class=\"ps-compare\" style=\"margin-bottom:1.5rem;\">\n    <div class=\"ps-compare-card\" style=\"background:#fce8e8; border: 0.5px solid #e8c0c0;\">\n      <h3 style=\"color:#6a231c;\">Porta convencional<\/h3>\n      <ul style=\"color:#6a231c;\">\n        <li>Abertura lateral \u2014 perde espa\u00e7o<\/li>\n        <li>Sem isolamento ac\u00fastico<\/li>\n        <li>Baixa resist\u00eancia \u00e0 corros\u00e3o<\/li>\n        <li>Est\u00e9tica ultrapassada<\/li>\n        <li>Manuten\u00e7\u00e3o frequente<\/li>\n      <\/ul>\n    <\/div>\n    <div class=\"ps-compare-card\" style=\"background:#e3f3f7; border: 2px solid #1d7991;\">\n      <h3 style=\"color:#274c56;\">Porta seccionada Original<\/h3>\n      <ul style=\"color:#274c56;\">\n        <li>Abertura vertical \u2014 ganha espa\u00e7o<\/li>\n        <li>Isolamento ac\u00fastico e t\u00e9rmico<\/li>\n        <li>Pintura eletrost\u00e1tica a 200\u00b0C<\/li>\n        <li>Design moderno e sofisticado<\/li>\n        <li>Alta durabilidade, baixa manuten\u00e7\u00e3o<\/li>\n      <\/ul>\n    <\/div>\n  <\/div>\n\n  <div class=\"ps-cta\">\n    <p><strong style=\"color:#fff;\">Original Portas<\/strong> \u2014 atendimento nacional com expertise em portas seccionadas residenciais de alto padr\u00e3o.<\/p>\n    <a href=\"https:\/\/originalportas.com.br\/contato\/\">Solicitar or\u00e7amento<\/a>\n  <\/div>\n\n<\/div>\n\n\n\n<h2 class=\"wp-block-heading\">Qual o diferencial da porta seccionada residencial RJ da Original Portas?<\/h2>\n\n\n\n<p>Quando voc\u00ea opta pela porta seccionada residencial RJ da Original Portas, al\u00e9m de estar instalando uma porta, est\u00e1 elevando o padr\u00e3o do seu im\u00f3vel.<\/p>\n\n\n\n<p>O primeiro impacto \u00e9 visual. A fachada da sua casa muda completamente. A est\u00e9tica ganha um ar moderno, sofisticado e alinhado com padr\u00f5es internacionais, muito semelhantes aos im\u00f3veis norte-americanos e europeus.<\/p>\n\n\n\n<p>Mas n\u00e3o \u00e9 s\u00f3 sobre apar\u00eancia.<\/p>\n\n\n\n<p>A diferen\u00e7a real est\u00e1 na combina\u00e7\u00e3o entre design e performance. A porta seccionada abre na vertical, aproveitando melhor o espa\u00e7o interno da garagem e eliminando limita\u00e7\u00f5es comuns de outros modelos. Isso significa mais praticidade no dia a dia e melhor uso da \u00e1rea dispon\u00edvel.<\/p>\n\n\n\n<p>Al\u00e9m disso, o acabamento \u00e9 um dos grandes destaques. A possibilidade de pintura eletrost\u00e1tica garante um padr\u00e3o visual superior, com aplica\u00e7\u00e3o uniforme e resist\u00eancia muito acima da m\u00e9dia.<\/p>\n\n\n\n<p>Nesse processo, a porta passa por um forno a aproximadamente 200\u00b0C, fixando o pigmento de forma mais dur\u00e1vel. O resultado \u00e9 uma superf\u00edcie mais resistente \u00e0 corros\u00e3o, riscos e desgastes causados pelo tempo.<\/p>\n\n\n\n<p>Ou seja, voc\u00ea n\u00e3o est\u00e1 apenas comprando uma porta bonita \u2014 est\u00e1 investindo em algo que vai continuar bonito por muitos anos.<\/p>\n\n\n\n<h3 class=\"wp-block-heading\">Mais conforto no dia a dia com isolamento ac\u00fastico e t\u00e9rmico<\/h3>\n\n\n\n<p>Um dos pontos mais subestimados na escolha de uma porta \u00e9 o impacto no conforto interno do im\u00f3vel.<\/p>\n\n\n\n<p>A porta seccionada residencial RJ resolve isso com efici\u00eancia.<\/p>\n\n\n\n<p>O isolamento ac\u00fastico reduz significativamente os ru\u00eddos externos. Se voc\u00ea mora em regi\u00f5es movimentadas, com tr\u00e2nsito intenso ou barulho constante, essa caracter\u00edstica faz uma diferen\u00e7a percept\u00edvel na qualidade de vida.<\/p>\n\n\n\n<p>N\u00e3o \u00e9 sobre sil\u00eancio absoluto, mas sobre controle. Voc\u00ea passa a ter um ambiente mais tranquilo, mais confort\u00e1vel e muito mais agrad\u00e1vel para descansar ou trabalhar.<\/p>\n\n\n\n<p>J\u00e1 o isolamento t\u00e9rmico atua diretamente na temperatura interna da garagem e, consequentemente, em \u00e1reas pr\u00f3ximas da casa.<\/p>\n\n\n\n<p>Isso ajuda a manter o ambiente mais est\u00e1vel, reduzindo a entrada de calor excessivo ou frio externo. Em outras palavras, sua casa se torna mais eficiente e confort\u00e1vel sem depender tanto de solu\u00e7\u00f5es artificiais.<\/p>\n\n\n\n<p>Esse conjunto de benef\u00edcios transforma a porta em um elemento funcional do seu bem-estar, n\u00e3o apenas um item estrutural.<\/p>\n\n\n\n<h3 class=\"wp-block-heading\">Seguran\u00e7a refor\u00e7ada para proteger o que realmente importa<\/h3>\n\n\n\n<p>Quando o assunto \u00e9 resid\u00eancia, seguran\u00e7a \u00e9 prioridade.<\/p>\n\n\n\n<p>A porta seccionada residencial RJ \u00e9 projetada com materiais de alta resist\u00eancia, criando uma barreira s\u00f3lida contra tentativas de invas\u00e3o. Isso reduz riscos e aumenta a prote\u00e7\u00e3o do seu patrim\u00f4nio.<\/p>\n\n\n\n<p>Mas a seguran\u00e7a vai al\u00e9m da estrutura.<\/p>\n\n\n\n<p>A possibilidade de integrar acess\u00f3rios como o sistema antiqueda eleva ainda mais o n\u00edvel de prote\u00e7\u00e3o. Esse mecanismo evita que a porta des\u00e7a de forma brusca em caso de falhas, prevenindo acidentes e protegendo tanto pessoas quanto ve\u00edculos.<\/p>\n\n\n\n<p>Esse tipo de detalhe faz toda a diferen\u00e7a no uso di\u00e1rio.<\/p>\n\n\n\n<p>Porque n\u00e3o adianta investir em tecnologia se ela n\u00e3o protege voc\u00ea em situa\u00e7\u00f5es reais.<\/p>\n\n\n\n<p>Ao escolher uma porta seccionada residencial RJ com esse tipo de recurso, voc\u00ea reduz riscos invis\u00edveis, aqueles que s\u00f3 s\u00e3o percebidos quando algo d\u00e1 errado.<\/p>\n\n\n\n<p>E, nesse caso, prevenir \u00e9 sempre mais barato do que remediar.<\/p>\n\n\n\n<h3 class=\"wp-block-heading\">Valoriza\u00e7\u00e3o do im\u00f3vel e retorno do investimento<\/h3>\n\n\n\n<p>Existe um ponto que muitos ignoram: a porta da garagem tem impacto direto na valoriza\u00e7\u00e3o do im\u00f3vel.<\/p>\n\n\n\n<p>A porta seccionada residencial RJ agrega valor tanto pela est\u00e9tica quanto pela tecnologia envolvida. Ela transmite uma percep\u00e7\u00e3o de cuidado, modernidade e alto padr\u00e3o, onde os fatores decisivos em uma eventual venda ou loca\u00e7\u00e3o.<\/p>\n\n\n\n<p>Al\u00e9m disso, a durabilidade reduz custos com manuten\u00e7\u00e3o e substitui\u00e7\u00e3o ao longo do tempo.<\/p>\n\n\n\n<p>Ou seja, n\u00e3o \u00e9 um gasto. \u00c9 um investimento com retorno claro.<\/p>\n\n\n\n<p>Voc\u00ea economiza com manuten\u00e7\u00e3o, ganha em seguran\u00e7a, melhora o conforto e ainda valoriza o im\u00f3vel.<\/p>\n\n\n\n<p>Poucas decis\u00f5es dentro de uma resid\u00eancia entregam tantos benef\u00edcios de forma simult\u00e2nea.<\/p>\n\n\n\n<h2 class=\"wp-block-heading\">Vale a pena investir em uma porta seccionada residencial RJ?<\/h2>\n\n\n\n<p>Se a sua prioridade \u00e9 unir est\u00e9tica, seguran\u00e7a e funcionalidade em um \u00fanico produto, a resposta \u00e9 direta: sim, vale \u2014 e muito.<\/p>\n\n\n\n<p>A porta seccionada residencial RJ n\u00e3o resolve apenas um problema. Ela melhora a sua rotina, protege sua fam\u00edlia e transforma a forma como voc\u00ea enxerga o seu pr\u00f3prio lar.<\/p>\n\n\n\n<p>E quando esse investimento vem acompanhado da expertise da Original Portas, o resultado \u00e9 ainda mais consistente.<\/p>\n\n\n\n<p>Porque no final do dia, n\u00e3o se trata apenas de uma porta.<\/p>\n\n\n\n<p>Se trata de conforto, tranquilidade e da certeza de que voc\u00ea fez a escolha certa.<\/p>\n\n\n\n<h3 class=\"wp-block-heading\"><strong>Onde encontrar as melhores solu\u00e7\u00f5es para portas seccionadas autom\u00e1ticas?<\/strong><\/h3>\n\n\n\n<p>Voc\u00ea encontra na Original Portas, a maior e melhor empresa de portas autom\u00e1ticas da Am\u00e9rica Latina, onde possui o compromisso e a responsabilidade de entregar produtos de alta qualidade, como porta seccionada residencial, e prestar servi\u00e7os de excel\u00eancia.<\/p>\n\n\n\n<p>A Original segue os seguintes crit\u00e9rios para ser a sua escolha #1:<\/p>\n\n\n\n<ul class=\"wp-block-list\">\n<li>Custo e benef\u00edcio;<\/li>\n\n\n\n<li>Valor agregado;<\/li>\n\n\n\n<li>Seguran\u00e7a;<\/li>\n\n\n\n<li>Durabilidade;<\/li>\n\n\n\n<li>Praticidade;<\/li>\n\n\n\n<li>Qualidade;<\/li>\n\n\n\n<li>Ergonomia.<\/li>\n<\/ul>\n\n\n\n<p>Como pode notar, n\u00f3s da Original nos preocupamos com as suas dores e tratamos de melhorar constantemente para trazer solu\u00e7\u00f5es de alto n\u00edvel a fim de sanar as suas d\u00favidas e n\u00e3o ter mais preju\u00edzos para a sua situa\u00e7\u00e3o financeira.<\/p>\n\n\n\n<p>Por isso, as portas seccionadas autom\u00e1ticas t\u00eam como objetivo, como visto durante o artigo, em trazer melhorias para a sua vida familiar a fim de evitar qualquer preju\u00edzo para o seu bolso.<\/p>\n\n\n\n<p>Pensou em portas? Pensou em Original Portas!<\/p>\n\n\n\n<h4 class=\"wp-block-heading\"><strong>Garanta a melhor porta seccionada residencial para investir no seu lar<\/strong><\/h4>\n\n\n\n<p>A porta seccionada residencial RJ Original Portas \u00e9 o investimento perfeito que o seu lar precisa, com garantias na qualidade da est\u00e9tica e seguran\u00e7a, sendo uma solu\u00e7\u00e3o que cria valor para a sua fam\u00edlia.<\/p>\n\n\n\n<p>Voc\u00ea encontra solu\u00e7\u00f5es para os seus problemas com a melhor porta seccionada residencial RJ na Original Portas, onde a matriz est\u00e1 localizada em Guarulhos, S\u00e3o Paulo, mas temos v\u00e1rias filiais espalhadas em solo brasileiro e a nossa franquia, <a href=\"https:\/\/brasilportasautomaticas.com.br\/\" data-type=\"link\" data-id=\"https:\/\/brasilportasautomaticas.com.br\/\" target=\"_blank\" rel=\"noopener\">Brasil Portas<\/a>, est\u00e1 estabelecida no Nordeste.<\/p>\n\n\n\n<p>Atendemos para todo o Brasil e pa\u00edses vizinhos, pois o nosso foco \u00e9 sempre levar qualidade, seguran\u00e7a e conforto diretamente para o seu im\u00f3vel.<\/p>\n\n\n\n<p><a href=\"https:\/\/www.originalportas.com.br\/contato\/\" data-type=\"link\" data-id=\"https:\/\/www.originalportas.com.br\/contato\/\">Entre em contato<\/a> com um dos nossos especialistas para resolver as suas pend\u00eancias e encomendar o que voc\u00ea precisa com a porta seccionada residencial.<\/p>\n\n\n\n<p><strong>Venha ser Original Portas, onde a nossa parceria \u00e9 de satisfa\u00e7\u00e3o rumo ao sucesso!<\/strong><\/p>\n\n\n\n<figure class=\"wp-block-gallery has-nested-images columns-default is-cropped wp-block-gallery-1 is-layout-flex wp-block-gallery-is-layout-flex\">\n<figure class=\"wp-block-image size-large\"><img fetchpriority=\"high\" decoding=\"async\" width=\"740\" height=\"740\" data-id=\"11756\" src=\"https:\/\/originalportas.com.br\/blog\/wp-content\/uploads\/2024\/03\/Portao-de-garagem-seccionada-preco-2.png\" alt=\"porta seccionada residencial RJ\" class=\"wp-image-11756\" srcset=\"https:\/\/originalportas.com.br\/blog\/wp-content\/uploads\/2024\/03\/Portao-de-garagem-seccionada-preco-2.png 740w, https:\/\/originalportas.com.br\/blog\/wp-content\/uploads\/2024\/03\/Portao-de-garagem-seccionada-preco-2-300x300.png 300w, https:\/\/originalportas.com.br\/blog\/wp-content\/uploads\/2024\/03\/Portao-de-garagem-seccionada-preco-2-150x150.png 150w\" sizes=\"(max-width: 740px) 100vw, 740px\" \/><\/figure>\n\n\n\n<figure class=\"wp-block-image size-large\"><img decoding=\"async\" width=\"950\" height=\"950\" data-id=\"11757\" src=\"https:\/\/originalportas.com.br\/blog\/wp-content\/uploads\/2024\/03\/Portao-de-garagem-seccionada-preco-1.png\" alt=\"porta seccionada residencial RJ\" class=\"wp-image-11757\" srcset=\"https:\/\/originalportas.com.br\/blog\/wp-content\/uploads\/2024\/03\/Portao-de-garagem-seccionada-preco-1.png 950w, https:\/\/originalportas.com.br\/blog\/wp-content\/uploads\/2024\/03\/Portao-de-garagem-seccionada-preco-1-300x300.png 300w, https:\/\/originalportas.com.br\/blog\/wp-content\/uploads\/2024\/03\/Portao-de-garagem-seccionada-preco-1-150x150.png 150w, https:\/\/originalportas.com.br\/blog\/wp-content\/uploads\/2024\/03\/Portao-de-garagem-seccionada-preco-1-768x768.png 768w\" sizes=\"(max-width: 950px) 100vw, 950px\" \/><\/figure>\n\n\n\n<figure class=\"wp-block-image size-large\"><img decoding=\"async\" width=\"900\" height=\"900\" data-id=\"11758\" src=\"https:\/\/originalportas.com.br\/blog\/wp-content\/uploads\/2024\/03\/Portao-de-garagem-seccionada-preco-3.png\" alt=\"porta seccionada residencial RJ\" class=\"wp-image-11758\" srcset=\"https:\/\/originalportas.com.br\/blog\/wp-content\/uploads\/2024\/03\/Portao-de-garagem-seccionada-preco-3.png 900w, https:\/\/originalportas.com.br\/blog\/wp-content\/uploads\/2024\/03\/Portao-de-garagem-seccionada-preco-3-300x300.png 300w, https:\/\/originalportas.com.br\/blog\/wp-content\/uploads\/2024\/03\/Portao-de-garagem-seccionada-preco-3-150x150.png 150w, https:\/\/originalportas.com.br\/blog\/wp-content\/uploads\/2024\/03\/Portao-de-garagem-seccionada-preco-3-768x768.png 768w\" sizes=\"(max-width: 900px) 100vw, 900px\" \/><\/figure>\n<\/figure>\n\n\n<div class=\"bp-qr-wrap\" style=\"max-width:560px;margin:32px auto;text-align:center;\">\n  <a href=\"https:\/\/www.instagram.com\/originalportas\/\" target=\"_blank\" rel=\"noopener noreferrer\" style=\"display:inline-block;text-decoration:none;\"><br \/>\n    <img\n      src=\"https:\/\/originalportas.com.br\/blog\/wp-content\/uploads\/2025\/10\/originalportas_qr-scaled.png\n\"\n      alt=\"QR Code do Instagram @originalportas\"\n      style=\"display:block;margin:0 auto;max-width:75%;height:auto;border-radius:18px;box-sizing:border-box;\"\n      loading=\"lazy\" decoding=\"async\"><br \/>\n  <\/a><\/p>\n<div style=\"text-align:center; margin: 18px 0 0;\">\n    <a href=\"https:\/\/www.instagram.com\/originalportas\" target=\"_blank\" rel=\"noopener noreferrer\" style=\"text-decoration:none;\"><\/p>\n<p style=\"font-family:Arial, sans-serif; font-size:18px; color:#E1306C; font-weight:bold; margin:0;\">\n        @originalportas\n      <\/p>\n<p>      <small style=\"font-family:Arial, sans-serif; color:#666;\"><br \/>\n        Clique para abrir o perfil no Instagram<br \/>\n      <\/small><br \/>\n    <\/a>\n  <\/div>\n<\/div>\n","protected":false},"excerpt":{"rendered":"<p>Se voc\u00ea est\u00e1 buscando mais seguran\u00e7a, conforto e valoriza\u00e7\u00e3o est\u00e9tica para o seu im\u00f3vel, a porta seccionada residencial RJ n\u00e3o \u00e9 apenas uma escolha, \u00e9 uma decis\u00e3o estrat\u00e9gica. Muito al\u00e9m de um simples fechamento de garagem, esse tipo de porta transforma a experi\u00eancia dentro e fora da sua casa. Ela impacta diretamente na rotina, na [&hellip;]<\/p>\n","protected":false},"author":1,"featured_media":11754,"comment_status":"open","ping_status":"open","sticky":false,"template":"","format":"standard","meta":{"footnotes":""},"categories":[21],"tags":[4,5,14,19],"class_list":["post-7361","post","type-post","status-publish","format-standard","has-post-thumbnail","hentry","category-porta-seccionada","tag-original","tag-original_portas","tag-original-portas-automaticas","tag-porta-seccionada-residencial"],"_links":{"self":[{"href":"https:\/\/originalportas.com.br\/blog\/wp-json\/wp\/v2\/posts\/7361","targetHints":{"allow":["GET"]}}],"collection":[{"href":"https:\/\/originalportas.com.br\/blog\/wp-json\/wp\/v2\/posts"}],"about":[{"href":"https:\/\/originalportas.com.br\/blog\/wp-json\/wp\/v2\/types\/post"}],"author":[{"embeddable":true,"href":"https:\/\/originalportas.com.br\/blog\/wp-json\/wp\/v2\/users\/1"}],"replies":[{"embeddable":true,"href":"https:\/\/originalportas.com.br\/blog\/wp-json\/wp\/v2\/comments?post=7361"}],"version-history":[{"count":1,"href":"https:\/\/originalportas.com.br\/blog\/wp-json\/wp\/v2\/posts\/7361\/revisions"}],"predecessor-version":[{"id":16990,"href":"https:\/\/originalportas.com.br\/blog\/wp-json\/wp\/v2\/posts\/7361\/revisions\/16990"}],"wp:featuredmedia":[{"embeddable":true,"href":"https:\/\/originalportas.com.br\/blog\/wp-json\/wp\/v2\/media\/11754"}],"wp:attachment":[{"href":"https:\/\/originalportas.com.br\/blog\/wp-json\/wp\/v2\/media?parent=7361"}],"wp:term":[{"taxonomy":"category","embeddable":true,"href":"https:\/\/originalportas.com.br\/blog\/wp-json\/wp\/v2\/categories?post=7361"},{"taxonomy":"post_tag","embeddable":true,"href":"https:\/\/originalportas.com.br\/blog\/wp-json\/wp\/v2\/tags?post=7361"}],"curies":[{"name":"wp","href":"https:\/\/api.w.org\/{rel}","templated":true}]}}